{"id":10741,"date":"2021-11-23T08:55:51","date_gmt":"2021-11-23T13:55:51","guid":{"rendered":"https:\/\/www.derechoshumanos.gob.ec\/?p=10741"},"modified":"2021-11-23T08:55:52","modified_gmt":"2021-11-23T13:55:52","slug":"en-saquisili-capacitamos-a-gestores-comunitarios-sobre-rutas-de-atencion-y-denuncia-en-caso-de-violencia","status":"publish","type":"post","link":"https:\/\/www.ministeriodegobierno.gob.ec\/derechoshumanos\/2021\/11\/23\/en-saquisili-capacitamos-a-gestores-comunitarios-sobre-rutas-de-atencion-y-denuncia-en-caso-de-violencia\/","title":{"rendered":"EN SAQUISIL\u00cd CAPACITAMOS A GESTORES COMUNITARIOS SOBRE RUTAS DE ATENCI\u00d3N Y DENUNCIA EN CASO DE VIOLENCIA"},"content":{"rendered":"\n<p class=\"wp-block-paragraph\"><\/p>\n\n\n\n<p class=\"wp-block-paragraph\"><strong>Saquisil\u00ed, Ecuador. \u2013 <\/strong>La Secretar\u00eda de Derechos Humanos a trav\u00e9s de la Coordinaci\u00f3n Zonal 3, trabaja en procesos comunitarios de formaci\u00f3n en prevenci\u00f3n de la violencia basada en g\u00e9nero; por tal motivo, el equipo t\u00e9cnico de la instituci\u00f3n desarroll\u00f3 una capacitaci\u00f3n a gestores comunitarios del sector \u201cEl Tejar\u201d en el cant\u00f3n Saquisil\u00ed, provincia de Cotopaxi.<\/p>\n\n\n\n<p class=\"wp-block-paragraph\">La capacitaci\u00f3n se efectu\u00f3 de manera presencial sobre la tem\u00e1tica \u201cRuta de atenci\u00f3n y denuncia en caso de violencia a la mujer, ni\u00f1as, ni\u00f1os, adolescentes y adultos mayores\u201d. Dicha actividad estuvo dirigida a veinte personas del sector rural, quienes ante un caso de violencia de g\u00e9nero activan el protocolo de atenci\u00f3n primaria, comunicando el hecho a las autoridades del sector o a la instituci\u00f3n llamada a prestar la atenci\u00f3n seg\u00fan sea el caso.<\/p>\n\n\n\n<p class=\"wp-block-paragraph\">Para Marianela Chac\u00f3n, t\u00e9cnica del Servicio de Protecci\u00f3n Integral de Cotopaxi, la prevenci\u00f3n es una herramienta fundamental y la manera de detener la violencia incluso antes de que esta ocurra. Adem\u00e1s, ayuda a entender las causas profundas de la violencia en las comunidades. \u201cEstamos trabajando para dar respuesta frente a vulneraciones de derechos que afecten a ni\u00f1as, ni\u00f1os, adolescentes y mujeres frente a toda forma de violencia\u201d, se\u00f1al\u00f3 Chac\u00f3n.<\/p>\n\n\n\n<p class=\"wp-block-paragraph\">El proceso de capacitaci\u00f3n se efect\u00faa en el marco del convenio de cooperaci\u00f3n interinstitucional entre la Secretar\u00eda de Derechos Humanos, la Corporaci\u00f3n de Asociaciones Comunitarias de Cotopaxi y Tungurahua (CACTU), y Childfund Ecuador, quienes tienen por objetivo realizar actividades conjuntas para la protecci\u00f3n de ni\u00f1as, ni\u00f1os, adolescentes y mujeres, frente a todas las formas de violencia en las provincias de Cotopaxi y Tungurahua.<\/p>\n","protected":false},"excerpt":{"rendered":"<p class=\"excerpt\">Saquisil\u00ed, Ecuador. \u2013 La Secretar\u00eda de Derechos Humanos a trav\u00e9s de la Coordinaci\u00f3n Zonal 3, trabaja en procesos comunitarios de formaci\u00f3n en prevenci\u00f3n de la violencia basada en g\u00e9nero; por tal motivo, el equipo t\u00e9cnico de la instituci\u00f3n desarroll\u00f3 una capacitaci\u00f3n a gestores comunitarios del sector \u201cEl Tejar\u201d en el cant\u00f3n Saquisil\u00ed, provincia de Cotopaxi. La capacitaci\u00f3n se efectu\u00f3 de&hellip; <a href=\"https:\/\/www.ministeriodegobierno.gob.ec\/derechoshumanos\/2021\/11\/23\/en-saquisili-capacitamos-a-gestores-comunitarios-sobre-rutas-de-atencion-y-denuncia-en-caso-de-violencia\/\">Read more &rarr;<\/a><\/p>\n","protected":false},"author":6,"featured_media":10742,"comment_status":"closed","ping_status":"closed","sticky":false,"template":"","format":"standard","meta":{"footnotes":""},"categories":[20,5,6],"tags":[],"class_list":["post-10741","post","type-post","status-publish","format-standard","has-post-thumbnail","hentry","category-boletin-de-prensa","category-noticias","category-noticias-destacadas","xfolkentry"],"_links":{"self":[{"href":"https:\/\/www.ministeriodegobierno.gob.ec\/derechoshumanos\/wp-json\/wp\/v2\/posts\/10741","targetHints":{"allow":["GET"]}}],"collection":[{"href":"https:\/\/www.ministeriodegobierno.gob.ec\/derechoshumanos\/wp-json\/wp\/v2\/posts"}],"about":[{"href":"https:\/\/www.ministeriodegobierno.gob.ec\/derechoshumanos\/wp-json\/wp\/v2\/types\/post"}],"author":[{"embeddable":true,"href":"https:\/\/www.ministeriodegobierno.gob.ec\/derechoshumanos\/wp-json\/wp\/v2\/users\/6"}],"replies":[{"embeddable":true,"href":"https:\/\/www.ministeriodegobierno.gob.ec\/derechoshumanos\/wp-json\/wp\/v2\/comments?post=10741"}],"version-history":[{"count":1,"href":"https:\/\/www.ministeriodegobierno.gob.ec\/derechoshumanos\/wp-json\/wp\/v2\/posts\/10741\/revisions"}],"predecessor-version":[{"id":10743,"href":"https:\/\/www.ministeriodegobierno.gob.ec\/derechoshumanos\/wp-json\/wp\/v2\/posts\/10741\/revisions\/10743"}],"wp:featuredmedia":[{"embeddable":true,"href":"https:\/\/www.ministeriodegobierno.gob.ec\/derechoshumanos\/wp-json\/wp\/v2\/media\/10742"}],"wp:attachment":[{"href":"https:\/\/www.ministeriodegobierno.gob.ec\/derechoshumanos\/wp-json\/wp\/v2\/media?parent=10741"}],"wp:term":[{"taxonomy":"category","embeddable":true,"href":"https:\/\/www.ministeriodegobierno.gob.ec\/derechoshumanos\/wp-json\/wp\/v2\/categories?post=10741"},{"taxonomy":"post_tag","embeddable":true,"href":"https:\/\/www.ministeriodegobierno.gob.ec\/derechoshumanos\/wp-json\/wp\/v2\/tags?post=10741"}],"curies":[{"name":"wp","href":"https:\/\/api.w.org\/{rel}","templated":true}]}}