{"id":10744,"date":"2021-11-23T09:19:38","date_gmt":"2021-11-23T14:19:38","guid":{"rendered":"https:\/\/www.derechoshumanos.gob.ec\/?p=10744"},"modified":"2021-11-23T09:19:39","modified_gmt":"2021-11-23T14:19:39","slug":"en-loja-el-servicio-de-proteccion-integral-brindo-atencion-social-a-nna-sobreviviente-de-negligencia-en-su-cuidado","status":"publish","type":"post","link":"https:\/\/www.ministeriodegobierno.gob.ec\/derechoshumanos\/2021\/11\/23\/en-loja-el-servicio-de-proteccion-integral-brindo-atencion-social-a-nna-sobreviviente-de-negligencia-en-su-cuidado\/","title":{"rendered":"EN LOJA EL SERVICIO DE PROTECCI\u00d3N INTEGRAL BRIND\u00d3 ATENCI\u00d3N SOCIAL A NNA SOBREVIVIENTE DE NEGLIGENCIA EN SU CUIDADO"},"content":{"rendered":"\n<p class=\"wp-block-paragraph\"><strong>Loja, Ecuador. \u2013<\/strong> El Servicio de Protecci\u00f3n Integral (SPI), brind\u00f3 atenci\u00f3n social en caso de una NNA de 10 a\u00f1os, sobreviviente de posible negligencia en su cuidado; el caso fue derivado por el Sistema Integrado de Seguridad \u2013 ECU 911 y la Sala de Primera Acogida del Hospital Isidro Ayora.<\/p>\n\n\n\n<p class=\"wp-block-paragraph\">El equipo de la Secretar\u00eda de Derechos Humanos, una vez recibida la alerta tom\u00f3 contacto con la progenitora de la v\u00edctima, a fin de realizar la visita hospitalaria y domiciliaria para obtener la informaci\u00f3n de orden social. Asimismo, el SPI coordin\u00f3 acciones interinstitucionales con la Sala de Primera Acogida del Hospital &nbsp;General Isidro Ayora.<\/p>\n\n\n\n<p class=\"wp-block-paragraph\">Sobre el caso, la Fiscal\u00eda General del Estado inform\u00f3 que se realizaron las pericias respectivas, descartando violencia sexual; al momento, la sobreviviente se encuentra estable y recibiendo atenci\u00f3n psicol\u00f3gica por parte del personal de la casa de salud.<\/p>\n\n\n\n<p class=\"wp-block-paragraph\">Esta instituci\u00f3n remitir\u00e1 el informe social del caso a la Junta Cantonal de Protecci\u00f3n de Derechos de Loja, a fin de que se establezcan las medidas de protecci\u00f3n necesarias para garantizar la no vulneraci\u00f3n de derechos de la NNA.<\/p>\n\n\n\n<p class=\"wp-block-paragraph\">Sophia Cueva Mej\u00eda, coordinadora de Oficina T\u00e9cnica Zonal 7 indic\u00f3, \u201cuna articulaci\u00f3n eficaz y eficiente hace que las sobrevientas de violencia tengan una atenci\u00f3n integral y oportuna por parte de todos quienes formamos el Sistema Local de Protecci\u00f3n de Derechos\u201d.<\/p>\n","protected":false},"excerpt":{"rendered":"<p class=\"excerpt\">Loja, Ecuador. \u2013 El Servicio de Protecci\u00f3n Integral (SPI), brind\u00f3 atenci\u00f3n social en caso de una NNA de 10 a\u00f1os, sobreviviente de posible negligencia en su cuidado; el caso fue derivado por el Sistema Integrado de Seguridad \u2013 ECU 911 y la Sala de Primera Acogida del Hospital Isidro Ayora. El equipo de la Secretar\u00eda de Derechos Humanos, una vez&hellip; <a href=\"https:\/\/www.ministeriodegobierno.gob.ec\/derechoshumanos\/2021\/11\/23\/en-loja-el-servicio-de-proteccion-integral-brindo-atencion-social-a-nna-sobreviviente-de-negligencia-en-su-cuidado\/\">Read more &rarr;<\/a><\/p>\n","protected":false},"author":6,"featured_media":9958,"comment_status":"closed","ping_status":"closed","sticky":false,"template":"","format":"standard","meta":{"footnotes":""},"categories":[20,5,6],"tags":[],"class_list":["post-10744","post","type-post","status-publish","format-standard","has-post-thumbnail","hentry","category-boletin-de-prensa","category-noticias","category-noticias-destacadas","xfolkentry"],"_links":{"self":[{"href":"https:\/\/www.ministeriodegobierno.gob.ec\/derechoshumanos\/wp-json\/wp\/v2\/posts\/10744","targetHints":{"allow":["GET"]}}],"collection":[{"href":"https:\/\/www.ministeriodegobierno.gob.ec\/derechoshumanos\/wp-json\/wp\/v2\/posts"}],"about":[{"href":"https:\/\/www.ministeriodegobierno.gob.ec\/derechoshumanos\/wp-json\/wp\/v2\/types\/post"}],"author":[{"embeddable":true,"href":"https:\/\/www.ministeriodegobierno.gob.ec\/derechoshumanos\/wp-json\/wp\/v2\/users\/6"}],"replies":[{"embeddable":true,"href":"https:\/\/www.ministeriodegobierno.gob.ec\/derechoshumanos\/wp-json\/wp\/v2\/comments?post=10744"}],"version-history":[{"count":1,"href":"https:\/\/www.ministeriodegobierno.gob.ec\/derechoshumanos\/wp-json\/wp\/v2\/posts\/10744\/revisions"}],"predecessor-version":[{"id":10745,"href":"https:\/\/www.ministeriodegobierno.gob.ec\/derechoshumanos\/wp-json\/wp\/v2\/posts\/10744\/revisions\/10745"}],"wp:featuredmedia":[{"embeddable":true,"href":"https:\/\/www.ministeriodegobierno.gob.ec\/derechoshumanos\/wp-json\/wp\/v2\/media\/9958"}],"wp:attachment":[{"href":"https:\/\/www.ministeriodegobierno.gob.ec\/derechoshumanos\/wp-json\/wp\/v2\/media?parent=10744"}],"wp:term":[{"taxonomy":"category","embeddable":true,"href":"https:\/\/www.ministeriodegobierno.gob.ec\/derechoshumanos\/wp-json\/wp\/v2\/categories?post=10744"},{"taxonomy":"post_tag","embeddable":true,"href":"https:\/\/www.ministeriodegobierno.gob.ec\/derechoshumanos\/wp-json\/wp\/v2\/tags?post=10744"}],"curies":[{"name":"wp","href":"https:\/\/api.w.org\/{rel}","templated":true}]}}