{"id":10746,"date":"2021-11-23T15:52:32","date_gmt":"2021-11-23T20:52:32","guid":{"rendered":"https:\/\/www.derechoshumanos.gob.ec\/?p=10746"},"modified":"2021-11-23T15:53:05","modified_gmt":"2021-11-23T20:53:05","slug":"vota-sobre-los-tramites-que-se-deberian-eliminar","status":"publish","type":"post","link":"https:\/\/www.ministeriodegobierno.gob.ec\/derechoshumanos\/2021\/11\/23\/vota-sobre-los-tramites-que-se-deberian-eliminar\/","title":{"rendered":"Vota sobre los tr\u00e1mites que se deber\u00edan eliminar"},"content":{"rendered":"\n<p class=\"wp-block-paragraph\">Llena esta encuesta sobre la eliminaci\u00f3n de tr\u00e1mites de la Secretar\u00eda de Derechos Humanos: <\/p>\n\n\n\n<p class=\"wp-block-paragraph\"><a href=\"https:\/\/bit.ly\/3HFuGk6\">https:\/\/bit.ly\/3HFuGk6<\/a><br><\/p>\n\n\n\n<p class=\"wp-block-paragraph\">Periodo de participaci\u00f3n: Del 22 al 25 de Noviembre de 2021<\/p>\n\n\n\n<p class=\"wp-block-paragraph\">\u00a1Tu opini\u00f3n cuenta!<\/p>\n\n\n\n<h1 class=\"wp-block-heading\">Juntos lo logramos<\/h1>\n\n\n\n<p class=\"wp-block-paragraph\"><\/p>\n","protected":false},"excerpt":{"rendered":"<p class=\"excerpt\">Llena esta encuesta sobre la eliminaci\u00f3n de tr\u00e1mites de la Secretar\u00eda de Derechos Humanos: https:\/\/bit.ly\/3HFuGk6 Periodo de participaci\u00f3n: Del 22 al 25 de Noviembre de 2021 \u00a1Tu opini\u00f3n cuenta! Juntos lo logramos <a href=\"https:\/\/www.ministeriodegobierno.gob.ec\/derechoshumanos\/2021\/11\/23\/vota-sobre-los-tramites-que-se-deberian-eliminar\/\">Read more &rarr;<\/a><\/p>\n","protected":false},"author":10,"featured_media":10747,"comment_status":"closed","ping_status":"closed","sticky":false,"template":"","format":"standard","meta":{"footnotes":""},"categories":[20,5,6],"tags":[],"class_list":["post-10746","post","type-post","status-publish","format-standard","has-post-thumbnail","hentry","category-boletin-de-prensa","category-noticias","category-noticias-destacadas","xfolkentry"],"_links":{"self":[{"href":"https:\/\/www.ministeriodegobierno.gob.ec\/derechoshumanos\/wp-json\/wp\/v2\/posts\/10746","targetHints":{"allow":["GET"]}}],"collection":[{"href":"https:\/\/www.ministeriodegobierno.gob.ec\/derechoshumanos\/wp-json\/wp\/v2\/posts"}],"about":[{"href":"https:\/\/www.ministeriodegobierno.gob.ec\/derechoshumanos\/wp-json\/wp\/v2\/types\/post"}],"author":[{"embeddable":true,"href":"https:\/\/www.ministeriodegobierno.gob.ec\/derechoshumanos\/wp-json\/wp\/v2\/users\/10"}],"replies":[{"embeddable":true,"href":"https:\/\/www.ministeriodegobierno.gob.ec\/derechoshumanos\/wp-json\/wp\/v2\/comments?post=10746"}],"version-history":[{"count":2,"href":"https:\/\/www.ministeriodegobierno.gob.ec\/derechoshumanos\/wp-json\/wp\/v2\/posts\/10746\/revisions"}],"predecessor-version":[{"id":10749,"href":"https:\/\/www.ministeriodegobierno.gob.ec\/derechoshumanos\/wp-json\/wp\/v2\/posts\/10746\/revisions\/10749"}],"wp:featuredmedia":[{"embeddable":true,"href":"https:\/\/www.ministeriodegobierno.gob.ec\/derechoshumanos\/wp-json\/wp\/v2\/media\/10747"}],"wp:attachment":[{"href":"https:\/\/www.ministeriodegobierno.gob.ec\/derechoshumanos\/wp-json\/wp\/v2\/media?parent=10746"}],"wp:term":[{"taxonomy":"category","embeddable":true,"href":"https:\/\/www.ministeriodegobierno.gob.ec\/derechoshumanos\/wp-json\/wp\/v2\/categories?post=10746"},{"taxonomy":"post_tag","embeddable":true,"href":"https:\/\/www.ministeriodegobierno.gob.ec\/derechoshumanos\/wp-json\/wp\/v2\/tags?post=10746"}],"curies":[{"name":"wp","href":"https:\/\/api.w.org\/{rel}","templated":true}]}}