{"id":10755,"date":"2021-11-26T09:00:13","date_gmt":"2021-11-26T14:00:13","guid":{"rendered":"https:\/\/www.derechoshumanos.gob.ec\/?p=10755"},"modified":"2021-11-26T09:00:14","modified_gmt":"2021-11-26T14:00:14","slug":"feria-del-encuentro-en-quito-promueve-la-automia-economica-de-las-mujeres-emprendedoras-usuarias-de-servicios-del-mies","status":"publish","type":"post","link":"https:\/\/www.ministeriodegobierno.gob.ec\/derechoshumanos\/2021\/11\/26\/feria-del-encuentro-en-quito-promueve-la-automia-economica-de-las-mujeres-emprendedoras-usuarias-de-servicios-del-mies\/","title":{"rendered":"FERIA DEL ENCUENTRO EN QUITO PROMUEVE LA AUTOM\u00cdA ECON\u00d3MICA DE LAS MUJERES EMPRENDEDORAS USUARIAS DE SERVICIOS DEL MIES"},"content":{"rendered":"\n<p class=\"wp-block-paragraph\">Bajo la consigna \u201cDe la indignaci\u00f3n, a la acci\u00f3n\u201d durante las Jornadas libres de violencia contra la mujer promovidas por el Gobierno del Encuentro a trav\u00e9s de la Secretar\u00eda de Derechos Humanos, se realiz\u00f3 en Quito, explanada de la plataforma gubernamental del sector social, la \u201cFeria del Encuentro\u201d donde participaron 40 emprendedoras, en su mayor\u00eda mujeres jefas de hogar usuarias de los servicios y programas del Ministerio de Inclusi\u00f3n Econ\u00f3mica y Social (MIES), con el objetivo de impulsar la comercializaci\u00f3n de sus emprendimientos y con ello su autonom\u00eda econ\u00f3mica.<\/p>\n\n\n\n<p class=\"wp-block-paragraph\">Una variedad de ofertas como productos de limpieza, textiles, belleza, manualidades, alimentos, productos agr\u00edcolas convoc\u00f3 el apoyo de la ciudadan\u00eda a las 30 emprendedoras del Cr\u00e9dito de Desarrollo Humano, usuarias del bono; as\u00ed como de los emprendimientos de 10 personas con discapacidad que acceden a servicios del MIES. El ministro de Inclusi\u00f3n Econ\u00f3mica y Social, Esteban Bernal, felicit\u00f3 el empoderamiento y el trabajo de las mujeres emprendedoras que buscan su autonom\u00eda econ\u00f3mica.<\/p>\n\n\n\n<p class=\"wp-block-paragraph\">Asimismo, exhort\u00f3 a la ciudadan\u00eda presente en la feria a pasar \u201cde la indignaci\u00f3n a la acci\u00f3n\u201d, denunciando cualquier tipo de violencia contra las mujeres y, a su vez, ratific\u00f3 el compromiso del Gobierno de impulsar, con sus pol\u00edticas p\u00fablicas, programas que permitan transversalizar la disminuci\u00f3n y prevenci\u00f3n de la violencia. Precisamente, \u201clas Ferias del Encuentro son espacios de apoyo a nuestras mujeres emprendedoras\u201d, dijo.<\/p>\n\n\n\n<p class=\"wp-block-paragraph\">Zoila Cunalata, emprendedora participante de la feria, manifest\u00f3 \u201cnecesitamos espacios permanentes para dar a conocer nuestros productos, de esto vivimos; por eso agradezco el apoyo del MIES que, desde el primer momento hasta hoy, fueron mis impulsadores para emprender y nos facilitan estos espacios de ferias\u201d. Adem\u00e1s, dio su mensaje a las mujeres presentes para que no decaigan en su esfuerzo por salir adelante y denunciar cualquier tipo de violencia.<\/p>\n\n\n\n<p class=\"wp-block-paragraph\">Durante la feria, el MIES sensibiliz\u00f3 a las emprendedoras la importancia de no permitir ning\u00fan tipo de violencia en sus hogares o comunidad, as\u00ed como denunciarla; adem\u00e1s, present\u00f3 un aplicativo \u201cAPP\u201d digital que permite, dentro de los servicios del ministerio, registrar casos de violencia para derivar de forma oportuna su atenci\u00f3n con instancias como el Ministerio de Salud, Fiscal\u00eda, Defensor\u00eda del Pueblo, Ministerio de Derechos Humanos y otros, a trav\u00e9s de la gesti\u00f3n oportuna de registro por parte de los funcionarios p\u00fablicos en cumplimiento con el mandato de ley y su compromiso social. Adem\u00e1s, se firm\u00f3 un compromiso simb\u00f3lico por parte de las emprendedoras y las autoridades del MIES para prevenir la violencia contra las mujeres.<\/p>\n\n\n\n<p class=\"wp-block-paragraph\">Precisamente, en concordancia con el aporte de las pol\u00edticas p\u00fablicas del Gobierno a la prevenci\u00f3n y disminuci\u00f3n de violencia contra las mujeres, esta cartera de Estado ejecuta el Programa Impulso Violeta Ec, marco en el cual se realizan las ferias como parte de los cinco ejes del mismo: capacitaciones, prevenci\u00f3n de violencia, huertos familiares y emprendimientos pecuarios, vinculaci\u00f3n comercial y empleabilidad. Iniciativa que busca beneficiar hasta el 2025 a m\u00e1s de 70 mil mujeres en situaci\u00f3n de pobreza, pobreza extrema y vulnerabilidad, usuarias de los servicios del MIES, durante todo el ciclo de vida, explic\u00f3 la Subsecretaria de Emprendimientos, Arianna Burgos.<\/p>\n\n\n\n<p class=\"wp-block-paragraph\">A nivel nacional, el MIES cubre con sus bonos y pensiones a 1 mill\u00f3n 432 mil personas, de las cuales el 78% son mujeres; adem\u00e1s, con sus servicios sociales cubre a un total de 247.315 mujeres de un total de 464.353. Asimismo, 62.129 mujeres son usuarias del Cr\u00e9dito de Desarrollo Humano, es decir, el 91,2% del total, quienes pueden emprender para lograr salir de los c\u00edrculos de pobreza y violencia, como parte de los aportes de las pol\u00edticas p\u00fablicas a la inclusi\u00f3n econ\u00f3mica de la poblaci\u00f3n en pobreza y pobreza extrema.<\/p>\n","protected":false},"excerpt":{"rendered":"<p class=\"excerpt\">Bajo la consigna \u201cDe la indignaci\u00f3n, a la acci\u00f3n\u201d durante las Jornadas libres de violencia contra la mujer promovidas por el Gobierno del Encuentro a trav\u00e9s de la Secretar\u00eda de Derechos Humanos, se realiz\u00f3 en Quito, explanada de la plataforma gubernamental del sector social, la \u201cFeria del Encuentro\u201d donde participaron 40 emprendedoras, en su mayor\u00eda mujeres jefas de hogar usuarias&hellip; <a href=\"https:\/\/www.ministeriodegobierno.gob.ec\/derechoshumanos\/2021\/11\/26\/feria-del-encuentro-en-quito-promueve-la-automia-economica-de-las-mujeres-emprendedoras-usuarias-de-servicios-del-mies\/\">Read more &rarr;<\/a><\/p>\n","protected":false},"author":6,"featured_media":10756,"comment_status":"closed","ping_status":"closed","sticky":false,"template":"","format":"standard","meta":{"footnotes":""},"categories":[20,5,6],"tags":[],"class_list":["post-10755","post","type-post","status-publish","format-standard","has-post-thumbnail","hentry","category-boletin-de-prensa","category-noticias","category-noticias-destacadas","xfolkentry"],"_links":{"self":[{"href":"https:\/\/www.ministeriodegobierno.gob.ec\/derechoshumanos\/wp-json\/wp\/v2\/posts\/10755","targetHints":{"allow":["GET"]}}],"collection":[{"href":"https:\/\/www.ministeriodegobierno.gob.ec\/derechoshumanos\/wp-json\/wp\/v2\/posts"}],"about":[{"href":"https:\/\/www.ministeriodegobierno.gob.ec\/derechoshumanos\/wp-json\/wp\/v2\/types\/post"}],"author":[{"embeddable":true,"href":"https:\/\/www.ministeriodegobierno.gob.ec\/derechoshumanos\/wp-json\/wp\/v2\/users\/6"}],"replies":[{"embeddable":true,"href":"https:\/\/www.ministeriodegobierno.gob.ec\/derechoshumanos\/wp-json\/wp\/v2\/comments?post=10755"}],"version-history":[{"count":1,"href":"https:\/\/www.ministeriodegobierno.gob.ec\/derechoshumanos\/wp-json\/wp\/v2\/posts\/10755\/revisions"}],"predecessor-version":[{"id":10757,"href":"https:\/\/www.ministeriodegobierno.gob.ec\/derechoshumanos\/wp-json\/wp\/v2\/posts\/10755\/revisions\/10757"}],"wp:featuredmedia":[{"embeddable":true,"href":"https:\/\/www.ministeriodegobierno.gob.ec\/derechoshumanos\/wp-json\/wp\/v2\/media\/10756"}],"wp:attachment":[{"href":"https:\/\/www.ministeriodegobierno.gob.ec\/derechoshumanos\/wp-json\/wp\/v2\/media?parent=10755"}],"wp:term":[{"taxonomy":"category","embeddable":true,"href":"https:\/\/www.ministeriodegobierno.gob.ec\/derechoshumanos\/wp-json\/wp\/v2\/categories?post=10755"},{"taxonomy":"post_tag","embeddable":true,"href":"https:\/\/www.ministeriodegobierno.gob.ec\/derechoshumanos\/wp-json\/wp\/v2\/tags?post=10755"}],"curies":[{"name":"wp","href":"https:\/\/api.w.org\/{rel}","templated":true}]}}