{"id":10912,"date":"2021-11-30T09:36:32","date_gmt":"2021-11-30T14:36:32","guid":{"rendered":"https:\/\/www.derechoshumanos.gob.ec\/?p=10912"},"modified":"2021-11-30T09:36:33","modified_gmt":"2021-11-30T14:36:33","slug":"11-instituciones-publicas-certificadas-como-instituciones-seguras-libres-de-violencia-contra-las-mujeres","status":"publish","type":"post","link":"https:\/\/www.ministeriodegobierno.gob.ec\/derechoshumanos\/2021\/11\/30\/11-instituciones-publicas-certificadas-como-instituciones-seguras-libres-de-violencia-contra-las-mujeres\/","title":{"rendered":"11 instituciones p\u00fablicas certificadas como \u201cInstituciones Seguras Libres de violencia contra las Mujeres\u201d"},"content":{"rendered":"\n<p class=\"has-text-align-left wp-block-paragraph\">Quito, Pichincha.- 11 instituciones p\u00fablicas recibieron, este lunes 29 de noviembre de 2021, el reconocimiento como \u201cInstituciones Seguras Libres de violencia contra las Mujeres\u201d, luego de culminar el curso que lleva el mismo nombre y que es liderado por el Ministerio del Trabajo con el apoyo de la Cooperaci\u00f3n T\u00e9cnica Alemana GIZ en Ecuador.<\/p>\n\n\n\n<p class=\"wp-block-paragraph\"><br>En el periodo junio-octubre 2021, m\u00e1s de 7.500 funcionarios participaron del curso \u201cInstituciones Seguras Libres de Violencia contra las Mujeres\u201d y alcanzaron una aprobaci\u00f3n de m\u00e1s del 90 % lo que permiti\u00f3 alcanzar a sus instituciones la certificaci\u00f3n en calidad y de convertirse en un espacio seguro libre de violencia contra las mujeres\u201d.<\/p>\n\n\n\n<p class=\"wp-block-paragraph\"><br>Las entidades que recibieron el reconocimiento son: Presidencia de la Rep\u00fablica; Vicepresidencia de la Rep\u00fablica, Ministerio de Transporte y Obras P\u00fablicas; Ministerio de Desarrollo Urbano y Vivienda; Ministerio de Producci\u00f3n, Comercio Exterior, Inversiones y Pesca; Ministerio de Agricultura y Ganader\u00eda; el Consejo Nacional para la Igualdad de G\u00e9nero; Servicio de Acreditaci\u00f3n Ecuatoriano; Instituto de Altos Estudios Nacionales; Servicio Ecuatoriano de Compras P\u00fablicas; y Superintendencia de Bancos.<\/p>\n\n\n\n<p class=\"wp-block-paragraph\"><br>El vicepresidente de la Rep\u00fablica, Alfredo Borrero, destac\u00f3: \u201ces pol\u00edtica gubernamental el comprometer a todas las instituciones p\u00fablicas a combatir la violencia contra las mujeres; trabajar por sus derechos es un tema de justicia, por ello denunciemos todo tipo de violencia\u201d.<\/p>\n\n\n\n<p class=\"wp-block-paragraph\">Mientras que el ministro de Trabajo, Patricio Donoso Chiriboga, se\u00f1al\u00f3: \u201cNo podemos hablar de desarrollo sino cerramos las brechas, sino tomamos acciones para prevenir y erradicar la violencia; sino velamos por condiciones justas, inclusivas, dignas y seguras\u201d.<\/p>\n\n\n\n<p class=\"wp-block-paragraph\"><br>Por su parte, el embajador de Alemania en Ecuador, Philipp Schauer, destac\u00f3 que \u201ccombatir violencia contra las mujeres debe ser un compromiso de todos para aportar al desarrollo de los pa\u00edses\u201d.<\/p>\n\n\n\n<p class=\"wp-block-paragraph\"><br>De igual manera, la secretaria de Derechos Humanos, Bernarda Ord\u00f3\u00f1ez, acot\u00f3: \u201cnuestra prioridad es y ser\u00e1 garantizar espacios laborales que garanticen los derechos de las mujeres\u201d. Mientras que la secretaria t\u00e9cnica del Consejo Nacional para la Igualdad de G\u00e9nero, Estefan\u00eda Ortiz, agradeci\u00f3 al Ministerio del Trabajo por ese enfoque de derechos e inclusi\u00f3n, en el que se evidencia que todos deben combatir la violencia contra las mujeres.<\/p>\n\n\n\n<p class=\"wp-block-paragraph\"><br>El evento cont\u00f3 tambi\u00e9n con la participaci\u00f3n de Viviana Maldonado, directora del Programa PreViMujer de la Cooperaci\u00f3n T\u00e9cnica Alemana GIZ en Ecuador; ministros y secretarios de Estado, entre otras autoridades.<\/p>\n","protected":false},"excerpt":{"rendered":"<p class=\"excerpt\">Quito, Pichincha.- 11 instituciones p\u00fablicas recibieron, este lunes 29 de noviembre de 2021, el reconocimiento como \u201cInstituciones Seguras Libres de violencia contra las Mujeres\u201d, luego de culminar el curso que lleva el mismo nombre y que es liderado por el Ministerio del Trabajo con el apoyo de la Cooperaci\u00f3n T\u00e9cnica Alemana GIZ en Ecuador. En el periodo junio-octubre 2021, m\u00e1s&hellip; <a href=\"https:\/\/www.ministeriodegobierno.gob.ec\/derechoshumanos\/2021\/11\/30\/11-instituciones-publicas-certificadas-como-instituciones-seguras-libres-de-violencia-contra-las-mujeres\/\">Read more &rarr;<\/a><\/p>\n","protected":false},"author":6,"featured_media":10913,"comment_status":"closed","ping_status":"closed","sticky":false,"template":"","format":"standard","meta":{"footnotes":""},"categories":[20,5,6],"tags":[],"class_list":["post-10912","post","type-post","status-publish","format-standard","has-post-thumbnail","hentry","category-boletin-de-prensa","category-noticias","category-noticias-destacadas","xfolkentry"],"_links":{"self":[{"href":"https:\/\/www.ministeriodegobierno.gob.ec\/derechoshumanos\/wp-json\/wp\/v2\/posts\/10912","targetHints":{"allow":["GET"]}}],"collection":[{"href":"https:\/\/www.ministeriodegobierno.gob.ec\/derechoshumanos\/wp-json\/wp\/v2\/posts"}],"about":[{"href":"https:\/\/www.ministeriodegobierno.gob.ec\/derechoshumanos\/wp-json\/wp\/v2\/types\/post"}],"author":[{"embeddable":true,"href":"https:\/\/www.ministeriodegobierno.gob.ec\/derechoshumanos\/wp-json\/wp\/v2\/users\/6"}],"replies":[{"embeddable":true,"href":"https:\/\/www.ministeriodegobierno.gob.ec\/derechoshumanos\/wp-json\/wp\/v2\/comments?post=10912"}],"version-history":[{"count":3,"href":"https:\/\/www.ministeriodegobierno.gob.ec\/derechoshumanos\/wp-json\/wp\/v2\/posts\/10912\/revisions"}],"predecessor-version":[{"id":10916,"href":"https:\/\/www.ministeriodegobierno.gob.ec\/derechoshumanos\/wp-json\/wp\/v2\/posts\/10912\/revisions\/10916"}],"wp:featuredmedia":[{"embeddable":true,"href":"https:\/\/www.ministeriodegobierno.gob.ec\/derechoshumanos\/wp-json\/wp\/v2\/media\/10913"}],"wp:attachment":[{"href":"https:\/\/www.ministeriodegobierno.gob.ec\/derechoshumanos\/wp-json\/wp\/v2\/media?parent=10912"}],"wp:term":[{"taxonomy":"category","embeddable":true,"href":"https:\/\/www.ministeriodegobierno.gob.ec\/derechoshumanos\/wp-json\/wp\/v2\/categories?post=10912"},{"taxonomy":"post_tag","embeddable":true,"href":"https:\/\/www.ministeriodegobierno.gob.ec\/derechoshumanos\/wp-json\/wp\/v2\/tags?post=10912"}],"curies":[{"name":"wp","href":"https:\/\/api.w.org\/{rel}","templated":true}]}}