{"id":10917,"date":"2021-11-25T21:53:00","date_gmt":"2021-11-26T02:53:00","guid":{"rendered":"https:\/\/www.derechoshumanos.gob.ec\/?p=10917"},"modified":"2021-11-30T09:54:30","modified_gmt":"2021-11-30T14:54:30","slug":"la-secretaria-de-derechos-humanos-lidera-las-jornadas-libres-de-violencia-hacia-las-ninas-y-mujeres","status":"publish","type":"post","link":"https:\/\/www.ministeriodegobierno.gob.ec\/derechoshumanos\/2021\/11\/25\/la-secretaria-de-derechos-humanos-lidera-las-jornadas-libres-de-violencia-hacia-las-ninas-y-mujeres\/","title":{"rendered":"LA SECRETAR\u00cdA DE DERECHOS HUMANOS LIDERA LAS JORNADAS LIBRES DE VIOLENCIA HACIA LAS NI\u00d1AS Y MUJERES"},"content":{"rendered":"\n<p class=\"wp-block-paragraph\"><\/p>\n\n\n\n<p class=\"wp-block-paragraph\"><strong>Quito, Ecuador. \u2013<\/strong> La Secretar\u00eda de Derechos Humanos al conmemorar el 25 de noviembre, como el D\u00eda Internacional de la Eliminaci\u00f3n de la Violencia contra la Mujer, activ\u00f3 las Jornadas Libres de Violencia, para informar la gesti\u00f3n del Gobierno del Encuentro, desde las distintas entidades.<\/p>\n\n\n\n<p class=\"wp-block-paragraph\">En ese sentido, el presidente de la Rep\u00fablica, Guillermo Lasso, junto a la Secretaria de Derechos Humanos, Bernarda Ord\u00f3\u00f1ez Moscoso, realizaron el lanzamiento de la campa\u00f1a de comunicaci\u00f3n \u00a1De la indignaci\u00f3n a la Acci\u00f3n!; adem\u00e1s, suscribi\u00f3 el Decreto Ejecutivo N.\u00b0 268 para declarar como una prioridad nacional la prevenci\u00f3n de la violencia, as\u00ed como el empoderamiento de la mujer en los \u00e1mbitos social, econ\u00f3mico y pol\u00edtico, lo que permitir\u00e1 trabajar en la erradicaci\u00f3n de esta problem\u00e1tica social.<\/p>\n\n\n\n<p class=\"wp-block-paragraph\">En este evento de alto nivel dedicado a las mujeres ecuatorianas, el Primer Mandatario ratific\u00f3 que el Gobierno del Encuentro invertir\u00e1 USD 24 millones hasta el 2025 para trabajar en la prevenci\u00f3n y erradicaci\u00f3n de la violencia contra las mujeres, \u201c12 veces m\u00e1s que el gobierno pasado\u201d, destac\u00f3. Tambi\u00e9n, dispuso que la Secretar\u00eda de Derechos Humanos lidere una agenda de trabajo que permita orientar acciones para el desarrollo de Compromisos de Ecuador por las Mujeres (CEM).<\/p>\n\n\n\n<p class=\"wp-block-paragraph\">Por otro lado, la Secretar\u00eda junto al Municipio de Guayaquil a trav\u00e9s de la Direcci\u00f3n de la Mujer, suscribieron un convenio para la implementaci\u00f3n del Plan de Atenci\u00f3n en \u201cCentros Violetas\u201d. Este centro tiene como objetivo generar espacios de atenci\u00f3n integral que brinden servicios especializados a ni\u00f1as, ni\u00f1os, adolescentes, mujeres y adultas mayores sobrevivientes de violencia y que se encuentren en m\u00faltiples situaciones de vulnerabilidad o de riesgo. \u201cQueremos que las ni\u00f1as y mujeres en el pa\u00eds, cuando vean una casa morada, lila, p\u00farpura, sepan que es un lugar seguro para ellas, en donde van a encontrar atenci\u00f3n psicol\u00f3gica, jur\u00eddica y m\u00e9dica\u201d, destac\u00f3 la Secretaria.<\/p>\n\n\n\n<p class=\"wp-block-paragraph\">Adem\u00e1s, esta cartera de Estado suscribi\u00f3 una carta compromiso interinstitucional con la Universidad Cat\u00f3lica Santiago de Guayaquil para contribuir a la adecuaci\u00f3n y funcionamiento del Centro Violeta de la ciudad de Guayaquil; para la prestaci\u00f3n de servicios especializados de atenci\u00f3n a mujeres, ni\u00f1as, ni\u00f1os y adolescentes que se encuentran en m\u00faltiples situaciones de vulnerabilidad o de riesgo, mediante acciones de atenci\u00f3n, protecci\u00f3n y reparaci\u00f3n.<\/p>\n\n\n\n<p class=\"wp-block-paragraph\">El plan de acci\u00f3n de la Secretar\u00eda de Derechos Humanos cuenta con el compromiso y respaldo del Presidente de la Rep\u00fablica, por lo que seguiremos trabajando en los proyectos planificados por el respeto pleno de los derechos de las ecuatorianas.<\/p>\n","protected":false},"excerpt":{"rendered":"<p class=\"excerpt\">Quito, Ecuador. \u2013 La Secretar\u00eda de Derechos Humanos al conmemorar el 25 de noviembre, como el D\u00eda Internacional de la Eliminaci\u00f3n de la Violencia contra la Mujer, activ\u00f3 las Jornadas Libres de Violencia, para informar la gesti\u00f3n del Gobierno del Encuentro, desde las distintas entidades. En ese sentido, el presidente de la Rep\u00fablica, Guillermo Lasso, junto a la Secretaria de&hellip; <a href=\"https:\/\/www.ministeriodegobierno.gob.ec\/derechoshumanos\/2021\/11\/25\/la-secretaria-de-derechos-humanos-lidera-las-jornadas-libres-de-violencia-hacia-las-ninas-y-mujeres\/\">Read more &rarr;<\/a><\/p>\n","protected":false},"author":6,"featured_media":10918,"comment_status":"closed","ping_status":"closed","sticky":false,"template":"","format":"standard","meta":{"footnotes":""},"categories":[20,5,6],"tags":[],"class_list":["post-10917","post","type-post","status-publish","format-standard","has-post-thumbnail","hentry","category-boletin-de-prensa","category-noticias","category-noticias-destacadas","xfolkentry"],"_links":{"self":[{"href":"https:\/\/www.ministeriodegobierno.gob.ec\/derechoshumanos\/wp-json\/wp\/v2\/posts\/10917","targetHints":{"allow":["GET"]}}],"collection":[{"href":"https:\/\/www.ministeriodegobierno.gob.ec\/derechoshumanos\/wp-json\/wp\/v2\/posts"}],"about":[{"href":"https:\/\/www.ministeriodegobierno.gob.ec\/derechoshumanos\/wp-json\/wp\/v2\/types\/post"}],"author":[{"embeddable":true,"href":"https:\/\/www.ministeriodegobierno.gob.ec\/derechoshumanos\/wp-json\/wp\/v2\/users\/6"}],"replies":[{"embeddable":true,"href":"https:\/\/www.ministeriodegobierno.gob.ec\/derechoshumanos\/wp-json\/wp\/v2\/comments?post=10917"}],"version-history":[{"count":1,"href":"https:\/\/www.ministeriodegobierno.gob.ec\/derechoshumanos\/wp-json\/wp\/v2\/posts\/10917\/revisions"}],"predecessor-version":[{"id":10919,"href":"https:\/\/www.ministeriodegobierno.gob.ec\/derechoshumanos\/wp-json\/wp\/v2\/posts\/10917\/revisions\/10919"}],"wp:featuredmedia":[{"embeddable":true,"href":"https:\/\/www.ministeriodegobierno.gob.ec\/derechoshumanos\/wp-json\/wp\/v2\/media\/10918"}],"wp:attachment":[{"href":"https:\/\/www.ministeriodegobierno.gob.ec\/derechoshumanos\/wp-json\/wp\/v2\/media?parent=10917"}],"wp:term":[{"taxonomy":"category","embeddable":true,"href":"https:\/\/www.ministeriodegobierno.gob.ec\/derechoshumanos\/wp-json\/wp\/v2\/categories?post=10917"},{"taxonomy":"post_tag","embeddable":true,"href":"https:\/\/www.ministeriodegobierno.gob.ec\/derechoshumanos\/wp-json\/wp\/v2\/tags?post=10917"}],"curies":[{"name":"wp","href":"https:\/\/api.w.org\/{rel}","templated":true}]}}