{"id":10921,"date":"2021-11-30T11:39:28","date_gmt":"2021-11-30T16:39:28","guid":{"rendered":"https:\/\/www.derechoshumanos.gob.ec\/?p=10921"},"modified":"2021-11-30T12:02:28","modified_gmt":"2021-11-30T17:02:28","slug":"el-rol-de-las-mujeres-en-los-sectores-de-seguridad-y-justicia-penal-en-el-ecuador","status":"publish","type":"post","link":"https:\/\/www.ministeriodegobierno.gob.ec\/derechoshumanos\/2021\/11\/30\/el-rol-de-las-mujeres-en-los-sectores-de-seguridad-y-justicia-penal-en-el-ecuador\/","title":{"rendered":"El rol de las mujeres en los sectores de seguridad y justicia penal en el Ecuador"},"content":{"rendered":"\n<p class=\"wp-block-paragraph\"><\/p>\n\n\n\n<p class=\"wp-block-paragraph\"><strong>Quito, Ecuador.-<\/strong> La Secretar\u00eda de Derechos Humanos, en conjunto con la Oficina de las Naciones Unidas contra la Droga y el Delito (UNODC) y ONU Mujeres Ecuador, desarroll\u00f3 la\u00a0\u201c<em>Conferencia sobre el rol de las mujeres en los sectores de seguridad y justicia penal en el Ecuador\u201d<\/em> a fin de analizar los desaf\u00edos que se presentan en el escenario nacional en materia de derechos de las mujeres en los contextos de acceso a la justicia penal. El evento se desarroll\u00f3 este lunes 29 de noviembre como parte de las Jornadas Libres de Violencia. <\/p>\n\n\n\n<p class=\"wp-block-paragraph\">En este marco, la Subsecretaria de Prevenci\u00f3n y Erradicaci\u00f3n de la Violencia contra las Mujeres, Ni\u00f1as, Ni\u00f1os y Adolescentes, Lorena Escobar, manifest\u00f3 la necesidad de articular acciones con todas las funciones del Estado y la sociedad civil para trabajar en la prevenci\u00f3n de la violencia y se\u00f1al\u00f3 que uno de los elementos claves entorno al rol de las mujeres en\u00a0 los sectores de seguridad y justicia es ver como ellas han ingresado poco a poco a espacios que hist\u00f3ricamente han sido masculinizados.<\/p>\n\n\n\n<p class=\"wp-block-paragraph\">Al respecto, la Presidenta del Consejo de la Judicatura, Mar\u00eda del Carmen Maldonado, indic\u00f3 que es necesario trabajar de manera integral para garantizar los derechos de las mujeres y el acceso a la justicia e hizo un llamado a los medios de comunicaci\u00f3n para que generen audiencias sanas y promuevan una cultura de paz.<\/p>\n\n\n\n<p class=\"wp-block-paragraph\">Por su parte, Alexandra Salcedo Arias, Coronel de la Polic\u00eda Nacional del Ecuador, habl\u00f3 sobre la importancia de transversalizaci\u00f3n del enfoque de g\u00e9nero en su instituci\u00f3n y analiz\u00f3 los conceptos de Estado, Seguridad y G\u00e9nero y su relaci\u00f3n para garantizar los derechos humanos de toda la poblaci\u00f3n, adem\u00e1s destac\u00f3 el registro de mujeres gendarmes.<\/p>\n\n\n\n<p class=\"wp-block-paragraph\">Para finalizar, la Capit\u00e1n Triana V\u00e1squez, realiz\u00f3 un recorrido hist\u00f3rico de la participaci\u00f3n de las mujeres en las Fuerzas Armadas y la implementaci\u00f3n del enfoque de Derechos Humanos en la instituci\u00f3n para fomentar el cambio de patrones socioculturales y las brechas de g\u00e9nero.<\/p>\n\n\n\n<p class=\"wp-block-paragraph\">Con esta conferencia la Secretar\u00eda de Derechos Humanos&nbsp; promueve el empoderamiento de las mujeres en espacios de toma de decisi\u00f3n de las instituciones del sector de seguridad y justicia penal.<\/p>\n","protected":false},"excerpt":{"rendered":"<p class=\"excerpt\">Quito, Ecuador.- La Secretar\u00eda de Derechos Humanos, en conjunto con la Oficina de las Naciones Unidas contra la Droga y el Delito (UNODC) y ONU Mujeres Ecuador, desarroll\u00f3 la\u00a0\u201cConferencia sobre el rol de las mujeres en los sectores de seguridad y justicia penal en el Ecuador\u201d a fin de analizar los desaf\u00edos que se presentan en el escenario nacional en&hellip; <a href=\"https:\/\/www.ministeriodegobierno.gob.ec\/derechoshumanos\/2021\/11\/30\/el-rol-de-las-mujeres-en-los-sectores-de-seguridad-y-justicia-penal-en-el-ecuador\/\">Read more &rarr;<\/a><\/p>\n","protected":false},"author":6,"featured_media":10922,"comment_status":"closed","ping_status":"closed","sticky":false,"template":"","format":"standard","meta":{"footnotes":""},"categories":[20,5,6],"tags":[],"class_list":["post-10921","post","type-post","status-publish","format-standard","has-post-thumbnail","hentry","category-boletin-de-prensa","category-noticias","category-noticias-destacadas","xfolkentry"],"_links":{"self":[{"href":"https:\/\/www.ministeriodegobierno.gob.ec\/derechoshumanos\/wp-json\/wp\/v2\/posts\/10921","targetHints":{"allow":["GET"]}}],"collection":[{"href":"https:\/\/www.ministeriodegobierno.gob.ec\/derechoshumanos\/wp-json\/wp\/v2\/posts"}],"about":[{"href":"https:\/\/www.ministeriodegobierno.gob.ec\/derechoshumanos\/wp-json\/wp\/v2\/types\/post"}],"author":[{"embeddable":true,"href":"https:\/\/www.ministeriodegobierno.gob.ec\/derechoshumanos\/wp-json\/wp\/v2\/users\/6"}],"replies":[{"embeddable":true,"href":"https:\/\/www.ministeriodegobierno.gob.ec\/derechoshumanos\/wp-json\/wp\/v2\/comments?post=10921"}],"version-history":[{"count":2,"href":"https:\/\/www.ministeriodegobierno.gob.ec\/derechoshumanos\/wp-json\/wp\/v2\/posts\/10921\/revisions"}],"predecessor-version":[{"id":10925,"href":"https:\/\/www.ministeriodegobierno.gob.ec\/derechoshumanos\/wp-json\/wp\/v2\/posts\/10921\/revisions\/10925"}],"wp:featuredmedia":[{"embeddable":true,"href":"https:\/\/www.ministeriodegobierno.gob.ec\/derechoshumanos\/wp-json\/wp\/v2\/media\/10922"}],"wp:attachment":[{"href":"https:\/\/www.ministeriodegobierno.gob.ec\/derechoshumanos\/wp-json\/wp\/v2\/media?parent=10921"}],"wp:term":[{"taxonomy":"category","embeddable":true,"href":"https:\/\/www.ministeriodegobierno.gob.ec\/derechoshumanos\/wp-json\/wp\/v2\/categories?post=10921"},{"taxonomy":"post_tag","embeddable":true,"href":"https:\/\/www.ministeriodegobierno.gob.ec\/derechoshumanos\/wp-json\/wp\/v2\/tags?post=10921"}],"curies":[{"name":"wp","href":"https:\/\/api.w.org\/{rel}","templated":true}]}}