{"id":10926,"date":"2021-11-27T15:37:00","date_gmt":"2021-11-27T20:37:00","guid":{"rendered":"https:\/\/www.derechoshumanos.gob.ec\/?p=10926"},"modified":"2021-11-30T15:37:56","modified_gmt":"2021-11-30T20:37:56","slug":"la-pobreza-menstrual-es-uno-de-los-problemas-que-mas-afecta-a-las-mujeres-privadas-de-libertad","status":"publish","type":"post","link":"https:\/\/www.ministeriodegobierno.gob.ec\/derechoshumanos\/2021\/11\/27\/la-pobreza-menstrual-es-uno-de-los-problemas-que-mas-afecta-a-las-mujeres-privadas-de-libertad\/","title":{"rendered":"La pobreza menstrual es uno de los problemas que m\u00e1s afecta a las mujeres privadas de libertad"},"content":{"rendered":"\n<p class=\"wp-block-paragraph\"><\/p>\n\n\n\n<p class=\"wp-block-paragraph\">Quito, Ecuador.- La Secretar\u00eda de Derechos Humanos, como parte de las Jornadas Libres de Violencia, entreg\u00f3 productos para la adecuada gesti\u00f3n de la menstruaci\u00f3n de las mujeres que se encuentran en contextos de privaci\u00f3n de libertad.<\/p>\n\n\n\n<p class=\"wp-block-paragraph\">En este marco, nuestra Secretaria, Bernarda Ord\u00f3\u00f1ez Moscoso, se traslad\u00f3 al Centro de Privaci\u00f3n de Libertad Pichincha No. 3, en el cual, con el apoyo del sector privado, entreg\u00f3 kits para la gesti\u00f3n menstrual a las 32 mujeres privadas de la libertad que se encuentran recluidas.<\/p>\n\n\n\n<p class=\"wp-block-paragraph\">En el Ecuador, uno de los problemas m\u00e1s invisibilizados es la dificultad de acceder a productos de higiene menstrual, es por esto que, desde la Secretar\u00eda de Derechos Humanos trabajamos en proyectos sostenibles a corto, mediano y largo plazo.<\/p>\n\n\n\n<p class=\"wp-block-paragraph\">Para la m\u00e1xima autoridad de nuestra instituci\u00f3n, el trabajo por educar e incentivar a una adecuada gesti\u00f3n de la menstruaci\u00f3n para las adolescente y mujeres ha sido una de las tareas m\u00e1s dif\u00edciles al no contar con los suficientes recursos econ\u00f3micos.&nbsp;<\/p>\n\n\n\n<p class=\"wp-block-paragraph\">Adem\u00e1s, en esta visita se constat\u00f3 las necesidades que tienen las mujeres privadas de la libertad, quienes conviven con sus hijos en estas instalaciones, por lo que es indispensable dotar de productos de primera necesidad como pa\u00f1ales, mismos que se prev\u00e9 entregar en una segunda etapa.<\/p>\n\n\n\n<p class=\"wp-block-paragraph\">Posterior a esta visita y como apoyo a las mujeres privadas de la libertad, se coordin\u00f3 que funcionarios de Defensor\u00eda P\u00fablica asistieran al Centro de Rehabilitaci\u00f3n Social Quito No. 3 para informarles de las acciones que deben tomar las personas privadas de la libertad en referencia a cada uno de sus casos.&nbsp; &nbsp;<\/p>\n","protected":false},"excerpt":{"rendered":"<p class=\"excerpt\">Quito, Ecuador.- La Secretar\u00eda de Derechos Humanos, como parte de las Jornadas Libres de Violencia, entreg\u00f3 productos para la adecuada gesti\u00f3n de la menstruaci\u00f3n de las mujeres que se encuentran en contextos de privaci\u00f3n de libertad. En este marco, nuestra Secretaria, Bernarda Ord\u00f3\u00f1ez Moscoso, se traslad\u00f3 al Centro de Privaci\u00f3n de Libertad Pichincha No. 3, en el cual, con el&hellip; <a href=\"https:\/\/www.ministeriodegobierno.gob.ec\/derechoshumanos\/2021\/11\/27\/la-pobreza-menstrual-es-uno-de-los-problemas-que-mas-afecta-a-las-mujeres-privadas-de-libertad\/\">Read more &rarr;<\/a><\/p>\n","protected":false},"author":6,"featured_media":10927,"comment_status":"closed","ping_status":"closed","sticky":false,"template":"","format":"standard","meta":{"footnotes":""},"categories":[20,5,6],"tags":[],"class_list":["post-10926","post","type-post","status-publish","format-standard","has-post-thumbnail","hentry","category-boletin-de-prensa","category-noticias","category-noticias-destacadas","xfolkentry"],"_links":{"self":[{"href":"https:\/\/www.ministeriodegobierno.gob.ec\/derechoshumanos\/wp-json\/wp\/v2\/posts\/10926","targetHints":{"allow":["GET"]}}],"collection":[{"href":"https:\/\/www.ministeriodegobierno.gob.ec\/derechoshumanos\/wp-json\/wp\/v2\/posts"}],"about":[{"href":"https:\/\/www.ministeriodegobierno.gob.ec\/derechoshumanos\/wp-json\/wp\/v2\/types\/post"}],"author":[{"embeddable":true,"href":"https:\/\/www.ministeriodegobierno.gob.ec\/derechoshumanos\/wp-json\/wp\/v2\/users\/6"}],"replies":[{"embeddable":true,"href":"https:\/\/www.ministeriodegobierno.gob.ec\/derechoshumanos\/wp-json\/wp\/v2\/comments?post=10926"}],"version-history":[{"count":1,"href":"https:\/\/www.ministeriodegobierno.gob.ec\/derechoshumanos\/wp-json\/wp\/v2\/posts\/10926\/revisions"}],"predecessor-version":[{"id":10928,"href":"https:\/\/www.ministeriodegobierno.gob.ec\/derechoshumanos\/wp-json\/wp\/v2\/posts\/10926\/revisions\/10928"}],"wp:featuredmedia":[{"embeddable":true,"href":"https:\/\/www.ministeriodegobierno.gob.ec\/derechoshumanos\/wp-json\/wp\/v2\/media\/10927"}],"wp:attachment":[{"href":"https:\/\/www.ministeriodegobierno.gob.ec\/derechoshumanos\/wp-json\/wp\/v2\/media?parent=10926"}],"wp:term":[{"taxonomy":"category","embeddable":true,"href":"https:\/\/www.ministeriodegobierno.gob.ec\/derechoshumanos\/wp-json\/wp\/v2\/categories?post=10926"},{"taxonomy":"post_tag","embeddable":true,"href":"https:\/\/www.ministeriodegobierno.gob.ec\/derechoshumanos\/wp-json\/wp\/v2\/tags?post=10926"}],"curies":[{"name":"wp","href":"https:\/\/api.w.org\/{rel}","templated":true}]}}