{"id":10929,"date":"2021-11-30T15:38:57","date_gmt":"2021-11-30T20:38:57","guid":{"rendered":"https:\/\/www.derechoshumanos.gob.ec\/?p=10929"},"modified":"2021-11-30T15:38:58","modified_gmt":"2021-11-30T20:38:58","slug":"entrega-de-kits-de-gestion-de-la-menstruacion-en-el-centro-de-privacion-del-libertad-no-1-de-tungurahua","status":"publish","type":"post","link":"https:\/\/www.ministeriodegobierno.gob.ec\/derechoshumanos\/2021\/11\/30\/entrega-de-kits-de-gestion-de-la-menstruacion-en-el-centro-de-privacion-del-libertad-no-1-de-tungurahua\/","title":{"rendered":"Entrega de kits de gesti\u00f3n de la menstruaci\u00f3n en el Centro de Privaci\u00f3n del Libertad No. 1 de Tungurahua"},"content":{"rendered":"\n<p class=\"wp-block-paragraph\"><\/p>\n\n\n\n<p class=\"wp-block-paragraph\">La Secretar\u00eda de Derechos Humanos, a trav\u00e9s de la Oficina T\u00e9cnica Zonal 3 y la empresa privada, en el marco de las Jornadas Libres de Violencia, realizaron una visita al Centro de Privaci\u00f3n del Libertad No. 1 de Tungurahua ubicado en la ciudad de Ambato para la entrega de kits de gesti\u00f3n de la menstruaci\u00f3n.<\/p>\n\n\n\n<p class=\"wp-block-paragraph\">Gracias a esta iniciativa fueron beneficiadas m\u00e1s de 90 mujeres que se encuentran privadas de la libertad en este Centro, donde adem\u00e1s se realiz\u00f3 un recorrido y se constat\u00f3 varias necesidades.<\/p>\n\n\n\n<p class=\"wp-block-paragraph\">En este sentido se prev\u00e9 entregar un informe de esta visita al Servicio Nacional de Atenci\u00f3n Integral a Personas Adultas Privadas de la Libertad y a Adolescentes Infractores (SNAI), para trabajar de manera articulada con los Ministerios del Eje Social que conforman el Directorio del Organismo T\u00e9cnico del Sistema Nacional de Rehabilitaci\u00f3n Social, para se puedan tomar acciones a corto y largo plazo en este Centro de Privaci\u00f3n de Libertad.<\/p>\n","protected":false},"excerpt":{"rendered":"<p class=\"excerpt\">La Secretar\u00eda de Derechos Humanos, a trav\u00e9s de la Oficina T\u00e9cnica Zonal 3 y la empresa privada, en el marco de las Jornadas Libres de Violencia, realizaron una visita al Centro de Privaci\u00f3n del Libertad No. 1 de Tungurahua ubicado en la ciudad de Ambato para la entrega de kits de gesti\u00f3n de la menstruaci\u00f3n. Gracias a esta iniciativa fueron&hellip; <a href=\"https:\/\/www.ministeriodegobierno.gob.ec\/derechoshumanos\/2021\/11\/30\/entrega-de-kits-de-gestion-de-la-menstruacion-en-el-centro-de-privacion-del-libertad-no-1-de-tungurahua\/\">Read more &rarr;<\/a><\/p>\n","protected":false},"author":6,"featured_media":10930,"comment_status":"closed","ping_status":"closed","sticky":false,"template":"","format":"standard","meta":{"footnotes":""},"categories":[20,5,6],"tags":[],"class_list":["post-10929","post","type-post","status-publish","format-standard","has-post-thumbnail","hentry","category-boletin-de-prensa","category-noticias","category-noticias-destacadas","xfolkentry"],"_links":{"self":[{"href":"https:\/\/www.ministeriodegobierno.gob.ec\/derechoshumanos\/wp-json\/wp\/v2\/posts\/10929","targetHints":{"allow":["GET"]}}],"collection":[{"href":"https:\/\/www.ministeriodegobierno.gob.ec\/derechoshumanos\/wp-json\/wp\/v2\/posts"}],"about":[{"href":"https:\/\/www.ministeriodegobierno.gob.ec\/derechoshumanos\/wp-json\/wp\/v2\/types\/post"}],"author":[{"embeddable":true,"href":"https:\/\/www.ministeriodegobierno.gob.ec\/derechoshumanos\/wp-json\/wp\/v2\/users\/6"}],"replies":[{"embeddable":true,"href":"https:\/\/www.ministeriodegobierno.gob.ec\/derechoshumanos\/wp-json\/wp\/v2\/comments?post=10929"}],"version-history":[{"count":1,"href":"https:\/\/www.ministeriodegobierno.gob.ec\/derechoshumanos\/wp-json\/wp\/v2\/posts\/10929\/revisions"}],"predecessor-version":[{"id":10931,"href":"https:\/\/www.ministeriodegobierno.gob.ec\/derechoshumanos\/wp-json\/wp\/v2\/posts\/10929\/revisions\/10931"}],"wp:featuredmedia":[{"embeddable":true,"href":"https:\/\/www.ministeriodegobierno.gob.ec\/derechoshumanos\/wp-json\/wp\/v2\/media\/10930"}],"wp:attachment":[{"href":"https:\/\/www.ministeriodegobierno.gob.ec\/derechoshumanos\/wp-json\/wp\/v2\/media?parent=10929"}],"wp:term":[{"taxonomy":"category","embeddable":true,"href":"https:\/\/www.ministeriodegobierno.gob.ec\/derechoshumanos\/wp-json\/wp\/v2\/categories?post=10929"},{"taxonomy":"post_tag","embeddable":true,"href":"https:\/\/www.ministeriodegobierno.gob.ec\/derechoshumanos\/wp-json\/wp\/v2\/tags?post=10929"}],"curies":[{"name":"wp","href":"https:\/\/api.w.org\/{rel}","templated":true}]}}