{"id":10932,"date":"2021-11-26T12:49:00","date_gmt":"2021-11-26T17:49:00","guid":{"rendered":"https:\/\/www.derechoshumanos.gob.ec\/?p=10932"},"modified":"2021-12-01T12:50:11","modified_gmt":"2021-12-01T17:50:11","slug":"en-yacuambi-sensibilizamos-a-la-ciudadania-sobre-la-violencia-hacia-las-mujeres","status":"publish","type":"post","link":"https:\/\/www.ministeriodegobierno.gob.ec\/derechoshumanos\/2021\/11\/26\/en-yacuambi-sensibilizamos-a-la-ciudadania-sobre-la-violencia-hacia-las-mujeres\/","title":{"rendered":"EN YACUAMBI SENSIBILIZAMOS A LA CIUDADAN\u00cdA SOBRE LA VIOLENCIA HACIA LAS MUJERES"},"content":{"rendered":"\n<p class=\"wp-block-paragraph\"><\/p>\n\n\n\n<p class=\"wp-block-paragraph\"><strong>Yacuambi, Ecuador.-<\/strong> La Secretar\u00eda de Derechos Humanos, en coordinaci\u00f3n con el Gobierno Aut\u00f3nomo Desentralizado de Yacuambi, el Consejo de la Judicatura y el Consejo Provincial de Zamora Chinchipe, desarrollaron un taller denominado \u201cSensibilizaci\u00f3n en Violencia de G\u00e9nero y el alcoholismo como un factor desencadenante\u201d. En la capacitaci\u00f3n participaron 63 personas entre mujeres, adultos mayores y adolescentes del cant\u00f3n.<\/p>\n\n\n\n<p class=\"wp-block-paragraph\">Las tem\u00e1ticas tratadas fueron impartidas por las psic\u00f3logas del Servicio de Protecci\u00f3n Integral, quienes realizaron una sensibilizaci\u00f3n en: diferencias de g\u00e9nero que desencadenan en violencia, sus consecuencias, tipos y \u00e1mbitos de la violencia contra las mujeres. Adem\u00e1s, desde&nbsp; el Consejo de la Judicatura, la Jueza de la Unidad Judicial de Violencia de G\u00e9nero del cant\u00f3n Yanztaza, imparti\u00f3 temas relacionados a la socializaci\u00f3n de la \u201cProtecci\u00f3n del Estado a v\u00edctimas de violencia basadas en g\u00e9nero\u201d y finalmente desde el Consejo Provincial de Zamora Chinchipe, trataron el Tema \u201cEl alcoholismo como un factor desencadenante de la violencia\u201d.<\/p>\n\n\n\n<p class=\"wp-block-paragraph\">El objetivo fue sensibilizar a la ciudadan\u00eda del cant\u00f3n Yacuambi, donde se registran altas tasas de alcoholismo que han desencadenado actos violencia basada en g\u00e9nero. Adem\u00e1s se invit\u00f3 a los asistentes a dibujar murales que representen sus compromisos de forma voluntaria y permitan promover la equidad de g\u00e9nero.<\/p>\n\n\n\n<p class=\"wp-block-paragraph\">Sophia Cueva Mej\u00eda, Coordinadora de la Oficina T\u00e9cnica7 se\u00f1al\u00f3 \u201cmediante la sensibilizaci\u00f3n y la educaci\u00f3n a la ciudadan\u00eda se puede erradicar la violencia, especialmente en los cantones de la provincia, para que as\u00ed disminuyan los \u00edndices de alcohol, ya que este es un generador de hechos violentos\u201d.<\/p>\n","protected":false},"excerpt":{"rendered":"<p class=\"excerpt\">Yacuambi, Ecuador.- La Secretar\u00eda de Derechos Humanos, en coordinaci\u00f3n con el Gobierno Aut\u00f3nomo Desentralizado de Yacuambi, el Consejo de la Judicatura y el Consejo Provincial de Zamora Chinchipe, desarrollaron un taller denominado \u201cSensibilizaci\u00f3n en Violencia de G\u00e9nero y el alcoholismo como un factor desencadenante\u201d. En la capacitaci\u00f3n participaron 63 personas entre mujeres, adultos mayores y adolescentes del cant\u00f3n. Las tem\u00e1ticas&hellip; <a href=\"https:\/\/www.ministeriodegobierno.gob.ec\/derechoshumanos\/2021\/11\/26\/en-yacuambi-sensibilizamos-a-la-ciudadania-sobre-la-violencia-hacia-las-mujeres\/\">Read more &rarr;<\/a><\/p>\n","protected":false},"author":6,"featured_media":10933,"comment_status":"closed","ping_status":"closed","sticky":false,"template":"","format":"standard","meta":{"footnotes":""},"categories":[20,5,6],"tags":[],"class_list":["post-10932","post","type-post","status-publish","format-standard","has-post-thumbnail","hentry","category-boletin-de-prensa","category-noticias","category-noticias-destacadas","xfolkentry"],"_links":{"self":[{"href":"https:\/\/www.ministeriodegobierno.gob.ec\/derechoshumanos\/wp-json\/wp\/v2\/posts\/10932","targetHints":{"allow":["GET"]}}],"collection":[{"href":"https:\/\/www.ministeriodegobierno.gob.ec\/derechoshumanos\/wp-json\/wp\/v2\/posts"}],"about":[{"href":"https:\/\/www.ministeriodegobierno.gob.ec\/derechoshumanos\/wp-json\/wp\/v2\/types\/post"}],"author":[{"embeddable":true,"href":"https:\/\/www.ministeriodegobierno.gob.ec\/derechoshumanos\/wp-json\/wp\/v2\/users\/6"}],"replies":[{"embeddable":true,"href":"https:\/\/www.ministeriodegobierno.gob.ec\/derechoshumanos\/wp-json\/wp\/v2\/comments?post=10932"}],"version-history":[{"count":1,"href":"https:\/\/www.ministeriodegobierno.gob.ec\/derechoshumanos\/wp-json\/wp\/v2\/posts\/10932\/revisions"}],"predecessor-version":[{"id":10934,"href":"https:\/\/www.ministeriodegobierno.gob.ec\/derechoshumanos\/wp-json\/wp\/v2\/posts\/10932\/revisions\/10934"}],"wp:featuredmedia":[{"embeddable":true,"href":"https:\/\/www.ministeriodegobierno.gob.ec\/derechoshumanos\/wp-json\/wp\/v2\/media\/10933"}],"wp:attachment":[{"href":"https:\/\/www.ministeriodegobierno.gob.ec\/derechoshumanos\/wp-json\/wp\/v2\/media?parent=10932"}],"wp:term":[{"taxonomy":"category","embeddable":true,"href":"https:\/\/www.ministeriodegobierno.gob.ec\/derechoshumanos\/wp-json\/wp\/v2\/categories?post=10932"},{"taxonomy":"post_tag","embeddable":true,"href":"https:\/\/www.ministeriodegobierno.gob.ec\/derechoshumanos\/wp-json\/wp\/v2\/tags?post=10932"}],"curies":[{"name":"wp","href":"https:\/\/api.w.org\/{rel}","templated":true}]}}