{"id":10935,"date":"2021-12-01T21:37:17","date_gmt":"2021-12-02T02:37:17","guid":{"rendered":"https:\/\/www.derechoshumanos.gob.ec\/?p=10935"},"modified":"2021-12-01T21:41:11","modified_gmt":"2021-12-02T02:41:11","slug":"el-gobierno-nacional-recibe-la-visita-de-la-comision-interamericana-de-derechos-humanos","status":"publish","type":"post","link":"https:\/\/www.ministeriodegobierno.gob.ec\/derechoshumanos\/2021\/12\/01\/el-gobierno-nacional-recibe-la-visita-de-la-comision-interamericana-de-derechos-humanos\/","title":{"rendered":"EL GOBIERNO NACIONAL RECIBE LA VISITA DE LA COMISI\u00d3N INTERAMERICANA DE DERECHOS HUMANOS"},"content":{"rendered":"\n<p class=\"wp-block-paragraph\"><\/p>\n\n\n\n<p class=\"wp-block-paragraph\"><strong>Quito, Ecuador<\/strong><strong>. \u2013<\/strong>&nbsp;El Gobierno Nacional del Ecuador recibe la&nbsp;visita de trabajo&nbsp;de la Comisi\u00f3n Interamericana de Derechos Humanos (CIDH)para analizar la situaci\u00f3n de las personas privadas de libertad&nbsp;y recibir las recomendaciones enfocadas en&nbsp;derechos humanos;&nbsp;la delegaci\u00f3n permanecer\u00e1 en el pa\u00eds del&nbsp;1 al 3 de diciembre.<\/p>\n\n\n\n<p class=\"wp-block-paragraph\">La Secretaria&nbsp;de Derechos Humanos,&nbsp;BernandaOrd\u00f3\u00f1ez Mosoco,&nbsp;junto al Canciller&nbsp;Mauricio&nbsp;Montalvo&nbsp;recibieron a misi\u00f3n de la CIDH. En la primera reuni\u00f3n oficial se evalu\u00f3 la situaci\u00f3n carcelaria y se dialog\u00f3 sobre&nbsp;mecanismos de cooperaci\u00f3n t\u00e9cnica susceptible de aplicarse en otros pa\u00edses de la regi\u00f3n.&nbsp;La&nbsp;Secretaria&nbsp;Ord\u00f3\u00f1ezentreg\u00f3&nbsp;informaci\u00f3n sobre la situaci\u00f3n de las personas privadas de libertad.<\/p>\n\n\n\n<p class=\"wp-block-paragraph\">Durante la visita, la CIDH mantendr\u00e1 varias reuniones de trabajo&nbsp;con el Presidente&nbsp;de la Rep\u00fablica,&nbsp;Guillermo&nbsp;Lasso; con autoridades nacionales competentes; con organizaciones sociales y otros actores relevantes; la misi\u00f3n tambi\u00e9n visitar\u00e1&nbsp;los centros de privaci\u00f3n de libertadde Quito, Guayaquil y Latacunga.<\/p>\n\n\n\n<p class=\"wp-block-paragraph\">La&nbsp;misi\u00f3n de la&nbsp;CIDH est\u00e1&nbsp;presidida por el Comisionado Stuardo Ral\u00f3n, Relator para los Derechos de las Personas Privadas de Libertad,&nbsp;y la integran tambi\u00e9n, la Secretaria Ejecutiva de la CIDH, Tania Reneaum;&nbsp;y la Secretaria Ejecutiva Adjunta de Monitoreo, Cooperaci\u00f3n T\u00e9cnica y Promoci\u00f3n, Mar\u00eda Claudia Pulido.<\/p>\n\n\n\n<p class=\"wp-block-paragraph\">El Gobierno ecuatoriano brinda apertura y&nbsp;todas las facilidades del caso a la misi\u00f3n&nbsp;de la CIDH, que visita el pa\u00eds para trabajar y&nbsp;prestar&nbsp;la&nbsp;cooperaci\u00f3n y asistencia necesarias para contribuir a superar los lamentables incidentes que se han producido dentro del sistema penitenciario del pa\u00eds.<\/p>\n\n\n\n<p class=\"wp-block-paragraph\">La CIDH es un \u00f3rgano principal y aut\u00f3nomo de la Organizaci\u00f3n de los Estados Americanos (OEA), cuyo mandato surge de la Carta de la OEA y de la Convenci\u00f3n Americana sobre Derechos Humanos. La Comisi\u00f3n Interamericana tiene el mandato de promover la observancia y la defensa de los&nbsp;derechos humanos en la regi\u00f3n; el pasado 17 de noviembre expres\u00f3&nbsp;preocupaci\u00f3n ante los graves hechos de violencia ocurridos en el Centro de Privaci\u00f3n de la Libertad Guayas No. 1.<\/p>\n","protected":false},"excerpt":{"rendered":"<p class=\"excerpt\">Quito, Ecuador. \u2013&nbsp;El Gobierno Nacional del Ecuador recibe la&nbsp;visita de trabajo&nbsp;de la Comisi\u00f3n Interamericana de Derechos Humanos (CIDH)para analizar la situaci\u00f3n de las personas privadas de libertad&nbsp;y recibir las recomendaciones enfocadas en&nbsp;derechos humanos;&nbsp;la delegaci\u00f3n permanecer\u00e1 en el pa\u00eds del&nbsp;1 al 3 de diciembre. La Secretaria&nbsp;de Derechos Humanos,&nbsp;BernandaOrd\u00f3\u00f1ez Mosoco,&nbsp;junto al Canciller&nbsp;Mauricio&nbsp;Montalvo&nbsp;recibieron a misi\u00f3n de la CIDH. En la primera reuni\u00f3n oficial&hellip; <a href=\"https:\/\/www.ministeriodegobierno.gob.ec\/derechoshumanos\/2021\/12\/01\/el-gobierno-nacional-recibe-la-visita-de-la-comision-interamericana-de-derechos-humanos\/\">Read more &rarr;<\/a><\/p>\n","protected":false},"author":6,"featured_media":10937,"comment_status":"closed","ping_status":"closed","sticky":false,"template":"","format":"standard","meta":{"footnotes":""},"categories":[20,5,6],"tags":[],"class_list":["post-10935","post","type-post","status-publish","format-standard","has-post-thumbnail","hentry","category-boletin-de-prensa","category-noticias","category-noticias-destacadas","xfolkentry"],"_links":{"self":[{"href":"https:\/\/www.ministeriodegobierno.gob.ec\/derechoshumanos\/wp-json\/wp\/v2\/posts\/10935","targetHints":{"allow":["GET"]}}],"collection":[{"href":"https:\/\/www.ministeriodegobierno.gob.ec\/derechoshumanos\/wp-json\/wp\/v2\/posts"}],"about":[{"href":"https:\/\/www.ministeriodegobierno.gob.ec\/derechoshumanos\/wp-json\/wp\/v2\/types\/post"}],"author":[{"embeddable":true,"href":"https:\/\/www.ministeriodegobierno.gob.ec\/derechoshumanos\/wp-json\/wp\/v2\/users\/6"}],"replies":[{"embeddable":true,"href":"https:\/\/www.ministeriodegobierno.gob.ec\/derechoshumanos\/wp-json\/wp\/v2\/comments?post=10935"}],"version-history":[{"count":1,"href":"https:\/\/www.ministeriodegobierno.gob.ec\/derechoshumanos\/wp-json\/wp\/v2\/posts\/10935\/revisions"}],"predecessor-version":[{"id":10936,"href":"https:\/\/www.ministeriodegobierno.gob.ec\/derechoshumanos\/wp-json\/wp\/v2\/posts\/10935\/revisions\/10936"}],"wp:featuredmedia":[{"embeddable":true,"href":"https:\/\/www.ministeriodegobierno.gob.ec\/derechoshumanos\/wp-json\/wp\/v2\/media\/10937"}],"wp:attachment":[{"href":"https:\/\/www.ministeriodegobierno.gob.ec\/derechoshumanos\/wp-json\/wp\/v2\/media?parent=10935"}],"wp:term":[{"taxonomy":"category","embeddable":true,"href":"https:\/\/www.ministeriodegobierno.gob.ec\/derechoshumanos\/wp-json\/wp\/v2\/categories?post=10935"},{"taxonomy":"post_tag","embeddable":true,"href":"https:\/\/www.ministeriodegobierno.gob.ec\/derechoshumanos\/wp-json\/wp\/v2\/tags?post=10935"}],"curies":[{"name":"wp","href":"https:\/\/api.w.org\/{rel}","templated":true}]}}