{"id":10939,"date":"2021-11-30T08:55:00","date_gmt":"2021-11-30T13:55:00","guid":{"rendered":"https:\/\/www.derechoshumanos.gob.ec\/?p=10939"},"modified":"2021-12-02T08:57:55","modified_gmt":"2021-12-02T13:57:55","slug":"cine-foro-documental-violencia-basada-en-genero-realizado-en-el-centro-de-rehabilitacion-social-de-tulcan","status":"publish","type":"post","link":"https:\/\/www.ministeriodegobierno.gob.ec\/derechoshumanos\/2021\/11\/30\/cine-foro-documental-violencia-basada-en-genero-realizado-en-el-centro-de-rehabilitacion-social-de-tulcan\/","title":{"rendered":"Cine foro documental \u201cViolencia Basada en G\u00e9nero\u201d realizado en el Centro de Rehabilitaci\u00f3n Social de Tulc\u00e1n"},"content":{"rendered":"\n<p class=\"wp-block-paragraph\"><\/p>\n\n\n\n<p class=\"wp-block-paragraph\"><strong>Tulc\u00e1n, Ecuador.- <\/strong>La Secretar\u00eda de Derechos Humanos en coordinaci\u00f3n con la Casa de Acogida Manos Unidas realiz\u00f3 un Cine Foro denominado <strong>\u201cViolencia Basada en G\u00e9nero\u201d <\/strong>en las instalaciones del Centro de Rehabilitaci\u00f3n Social de Tulc\u00e1n pabell\u00f3n de mujeres, como parte de las Jornadas Libres de Violencia.<\/p>\n\n\n\n<p class=\"wp-block-paragraph\">Esta actividad consisti\u00f3 en transmitir un cortometraje llamado \u201cLa guerra contra las mujeres\u201d dirigido a 75 mujeres privadas de libertad, con el objetivo de sensibilizar y concientizar sobre la violencia de g\u00e9nero.<\/p>\n\n\n\n<p class=\"wp-block-paragraph\">Posterior a la presentaci\u00f3n del cortometraje se desarroll\u00f3 un conversatorio, sobre los ciclos, c\u00edrculo y tipos de violencia hacia las mujeres y finalmente por parte de UNICEF se procedi\u00f3 a la entrega de 75 mochilas con \u00fatiles de aseo personal femenino.<\/p>\n\n\n\n<p class=\"wp-block-paragraph\">Al respecto Carlos Espinoza, Director Zonal 1 manifest\u00f3: \u201cla Secretar\u00eda de Derechos Humanos compromete sus esfuerzos en fortalecer las capacidades de mujeres que se encuentran en una situaci\u00f3n compleja y vulnerable, vinculando estrategias sensibles y emp\u00e1ticas que permitan brindar respuestas integrales a esta poblaci\u00f3n\u201d.<\/p>\n\n\n\n<p class=\"wp-block-paragraph\">De esta manera, la Secretar\u00eda de Derechos Humanos contin\u00faa ejecutando acciones claves con toda la poblaci\u00f3n a escala nacional para juntos llegar la meta de Femicidio Cero en Ecuador.<\/p>\n","protected":false},"excerpt":{"rendered":"<p class=\"excerpt\">Tulc\u00e1n, Ecuador.- La Secretar\u00eda de Derechos Humanos en coordinaci\u00f3n con la Casa de Acogida Manos Unidas realiz\u00f3 un Cine Foro denominado \u201cViolencia Basada en G\u00e9nero\u201d en las instalaciones del Centro de Rehabilitaci\u00f3n Social de Tulc\u00e1n pabell\u00f3n de mujeres, como parte de las Jornadas Libres de Violencia. Esta actividad consisti\u00f3 en transmitir un cortometraje llamado \u201cLa guerra contra las mujeres\u201d dirigido&hellip; <a href=\"https:\/\/www.ministeriodegobierno.gob.ec\/derechoshumanos\/2021\/11\/30\/cine-foro-documental-violencia-basada-en-genero-realizado-en-el-centro-de-rehabilitacion-social-de-tulcan\/\">Read more &rarr;<\/a><\/p>\n","protected":false},"author":6,"featured_media":10940,"comment_status":"closed","ping_status":"closed","sticky":false,"template":"","format":"standard","meta":{"footnotes":""},"categories":[20,5,6],"tags":[],"class_list":["post-10939","post","type-post","status-publish","format-standard","has-post-thumbnail","hentry","category-boletin-de-prensa","category-noticias","category-noticias-destacadas","xfolkentry"],"_links":{"self":[{"href":"https:\/\/www.ministeriodegobierno.gob.ec\/derechoshumanos\/wp-json\/wp\/v2\/posts\/10939","targetHints":{"allow":["GET"]}}],"collection":[{"href":"https:\/\/www.ministeriodegobierno.gob.ec\/derechoshumanos\/wp-json\/wp\/v2\/posts"}],"about":[{"href":"https:\/\/www.ministeriodegobierno.gob.ec\/derechoshumanos\/wp-json\/wp\/v2\/types\/post"}],"author":[{"embeddable":true,"href":"https:\/\/www.ministeriodegobierno.gob.ec\/derechoshumanos\/wp-json\/wp\/v2\/users\/6"}],"replies":[{"embeddable":true,"href":"https:\/\/www.ministeriodegobierno.gob.ec\/derechoshumanos\/wp-json\/wp\/v2\/comments?post=10939"}],"version-history":[{"count":1,"href":"https:\/\/www.ministeriodegobierno.gob.ec\/derechoshumanos\/wp-json\/wp\/v2\/posts\/10939\/revisions"}],"predecessor-version":[{"id":10941,"href":"https:\/\/www.ministeriodegobierno.gob.ec\/derechoshumanos\/wp-json\/wp\/v2\/posts\/10939\/revisions\/10941"}],"wp:featuredmedia":[{"embeddable":true,"href":"https:\/\/www.ministeriodegobierno.gob.ec\/derechoshumanos\/wp-json\/wp\/v2\/media\/10940"}],"wp:attachment":[{"href":"https:\/\/www.ministeriodegobierno.gob.ec\/derechoshumanos\/wp-json\/wp\/v2\/media?parent=10939"}],"wp:term":[{"taxonomy":"category","embeddable":true,"href":"https:\/\/www.ministeriodegobierno.gob.ec\/derechoshumanos\/wp-json\/wp\/v2\/categories?post=10939"},{"taxonomy":"post_tag","embeddable":true,"href":"https:\/\/www.ministeriodegobierno.gob.ec\/derechoshumanos\/wp-json\/wp\/v2\/tags?post=10939"}],"curies":[{"name":"wp","href":"https:\/\/api.w.org\/{rel}","templated":true}]}}