{"id":10942,"date":"2021-12-01T17:20:00","date_gmt":"2021-12-01T22:20:00","guid":{"rendered":"https:\/\/www.derechoshumanos.gob.ec\/?p=10942"},"modified":"2021-12-02T09:21:50","modified_gmt":"2021-12-02T14:21:50","slug":"mag-participa-en-las-jornadas-libres-de-violencia","status":"publish","type":"post","link":"https:\/\/www.ministeriodegobierno.gob.ec\/derechoshumanos\/2021\/12\/01\/mag-participa-en-las-jornadas-libres-de-violencia\/","title":{"rendered":"MAG participa en las Jornadas Libres de Violencia"},"content":{"rendered":"\n<p class=\"wp-block-paragraph\"><\/p>\n\n\n\n<p class=\"wp-block-paragraph\"><strong>Quito, Ecuador.-<\/strong>&nbsp; En el marco de las \u201cJornadas Libres de Violencia\u201d el Ministerio de Agricultura y Ganader\u00eda (MAG) realiz\u00f3 la Feria de Sabores y Saberes de la Agricultura Familiar y Campesina, y un conversatorio que promueve la erradicaci\u00f3n de la violencia contra la mujer.<\/p>\n\n\n\n<p class=\"wp-block-paragraph\">El encuentro denominado \u201cJornadas Libres de Violencia \u2013 MAG 2021\u201d se desarroll\u00f3 con la finalidad de sensibilizar a la ciudadan\u00eda sobre los diferentes tipos de violencia, la importancia del rol de la mujer en el campo y el empoderamiento para el desarrollo territorial. El evento cont\u00f3 con la presencia de mujeres rurales de varias provincias, representantes gubernamentales y cooperaci\u00f3n internacional.<br>&nbsp;<br>El ministro de Agricultura y Ganader\u00eda, Pedro \u00c1lava, resalt\u00f3 que el trabajo que se realiza desde el MAG por el empoderamiento de las mujeres est\u00e1 respaldado por la Estrategia Nacional Agropecuaria para Mujeres Rurales. Asimismo, inform\u00f3 que el Gobierno del Encuentro trabaja por la erradicaci\u00f3n de toda forma de violencia y discriminaci\u00f3n hacia las mujeres: \u201cTenemos una oportunidad hist\u00f3rica para cambiar una realidad y lo estamos haciendo\u201d, dijo.<\/p>\n\n\n\n<p class=\"wp-block-paragraph\">La Subsecretaria de Nacionalidades, Pueblos y Movimientos Sociales, Samia M\u00e1rmol, como delegada de la Secretaria de Derechos Humanos, Bernarda Ord\u00f3\u00f1ez&nbsp; Moscoso, destac\u00f3 el rol de las mujeres rurales para el desarrollo del pa\u00eds y mencion\u00f3: \u201ces necesario contar con propuestas que puedan reconocer la importancia de las mujeres en la ruralidad, y nuestra inter dependencia con el trabajo productivo y el trabajo comunitario que ellas hacen para proteger la alimentaci\u00f3n, el medio ambiente, y los conocimientos ancestrales\u201d.<\/p>\n\n\n\n<p class=\"wp-block-paragraph\">Agust\u00edn Zimmermann, representante de la FAO en Ecuador, indic\u00f3 que \u201cNo hay ninguna duda de que las mujeres son un fuerte pilar en el desarrollo agr\u00edcola y rural\u201d y resalt\u00f3 que sus contribuciones son claves para garantizar la seguridad alimentaria de sus familias, as\u00ed como de la sociedad en general.<\/p>\n\n\n\n<p class=\"wp-block-paragraph\">Asimismo, Mateo Perrone, del Programa Mundial de Alimentos (PMA), y Frabrizio Bresciani, del Fondo Internacional de Desarrollo Agr\u00edcola (FIDA), indicaron la importancia de generar entornos sociales y pol\u00edticos sensibles al g\u00e9nero, ya que son la clave para avanzar y materializar intervenciones exitosas en los territorios.<\/p>\n\n\n\n<p class=\"wp-block-paragraph\">Shirley Aspiazu, productora y dirigente de la Organizaci\u00f3n \u201cSanta Luc\u00eda\u201d de Balzar, agradeci\u00f3 el apoyo del Gobierno para fortalecer sus capacidades e identidad cultural, permiti\u00e9ndoles contribuir con el desarrollo econ\u00f3mico del pa\u00eds.<\/p>\n\n\n\n<p class=\"wp-block-paragraph\">En paralelo, se realiz\u00f3 la Feria de Sabores y Saberes, un espacio en el que las mujeres rurales comercializaron de manera directa los productos agropecuarios. Donde, tambi\u00e9n, se dio una demostraci\u00f3n de semillas nativas, en alusi\u00f3n al rescate de los saberes ancestrales.<\/p>\n","protected":false},"excerpt":{"rendered":"<p class=\"excerpt\">Quito, Ecuador.-&nbsp; En el marco de las \u201cJornadas Libres de Violencia\u201d el Ministerio de Agricultura y Ganader\u00eda (MAG) realiz\u00f3 la Feria de Sabores y Saberes de la Agricultura Familiar y Campesina, y un conversatorio que promueve la erradicaci\u00f3n de la violencia contra la mujer. El encuentro denominado \u201cJornadas Libres de Violencia \u2013 MAG 2021\u201d se desarroll\u00f3 con la finalidad de&hellip; <a href=\"https:\/\/www.ministeriodegobierno.gob.ec\/derechoshumanos\/2021\/12\/01\/mag-participa-en-las-jornadas-libres-de-violencia\/\">Read more &rarr;<\/a><\/p>\n","protected":false},"author":6,"featured_media":10943,"comment_status":"closed","ping_status":"closed","sticky":false,"template":"","format":"standard","meta":{"footnotes":""},"categories":[20,5,6],"tags":[],"class_list":["post-10942","post","type-post","status-publish","format-standard","has-post-thumbnail","hentry","category-boletin-de-prensa","category-noticias","category-noticias-destacadas","xfolkentry"],"_links":{"self":[{"href":"https:\/\/www.ministeriodegobierno.gob.ec\/derechoshumanos\/wp-json\/wp\/v2\/posts\/10942","targetHints":{"allow":["GET"]}}],"collection":[{"href":"https:\/\/www.ministeriodegobierno.gob.ec\/derechoshumanos\/wp-json\/wp\/v2\/posts"}],"about":[{"href":"https:\/\/www.ministeriodegobierno.gob.ec\/derechoshumanos\/wp-json\/wp\/v2\/types\/post"}],"author":[{"embeddable":true,"href":"https:\/\/www.ministeriodegobierno.gob.ec\/derechoshumanos\/wp-json\/wp\/v2\/users\/6"}],"replies":[{"embeddable":true,"href":"https:\/\/www.ministeriodegobierno.gob.ec\/derechoshumanos\/wp-json\/wp\/v2\/comments?post=10942"}],"version-history":[{"count":1,"href":"https:\/\/www.ministeriodegobierno.gob.ec\/derechoshumanos\/wp-json\/wp\/v2\/posts\/10942\/revisions"}],"predecessor-version":[{"id":10944,"href":"https:\/\/www.ministeriodegobierno.gob.ec\/derechoshumanos\/wp-json\/wp\/v2\/posts\/10942\/revisions\/10944"}],"wp:featuredmedia":[{"embeddable":true,"href":"https:\/\/www.ministeriodegobierno.gob.ec\/derechoshumanos\/wp-json\/wp\/v2\/media\/10943"}],"wp:attachment":[{"href":"https:\/\/www.ministeriodegobierno.gob.ec\/derechoshumanos\/wp-json\/wp\/v2\/media?parent=10942"}],"wp:term":[{"taxonomy":"category","embeddable":true,"href":"https:\/\/www.ministeriodegobierno.gob.ec\/derechoshumanos\/wp-json\/wp\/v2\/categories?post=10942"},{"taxonomy":"post_tag","embeddable":true,"href":"https:\/\/www.ministeriodegobierno.gob.ec\/derechoshumanos\/wp-json\/wp\/v2\/tags?post=10942"}],"curies":[{"name":"wp","href":"https:\/\/api.w.org\/{rel}","templated":true}]}}