{"id":10945,"date":"2021-11-23T18:21:00","date_gmt":"2021-11-23T23:21:00","guid":{"rendered":"https:\/\/www.derechoshumanos.gob.ec\/?p=10945"},"modified":"2021-12-02T10:26:37","modified_gmt":"2021-12-02T15:26:37","slug":"agenda-provincial-de-actividades-del-sistema-provincial-integral-de-prevencion-y-erradicacion-de-violencia-contra-las-mujeres-en-manabi","status":"publish","type":"post","link":"https:\/\/www.ministeriodegobierno.gob.ec\/derechoshumanos\/2021\/11\/23\/agenda-provincial-de-actividades-del-sistema-provincial-integral-de-prevencion-y-erradicacion-de-violencia-contra-las-mujeres-en-manabi\/","title":{"rendered":"Agenda Provincial de actividades del Sistema Provincial Integral de Prevenci\u00f3n y Erradicaci\u00f3n de Violencia contra las Mujeres en Manab\u00ed"},"content":{"rendered":"\n<p class=\"wp-block-paragraph\"><\/p>\n\n\n\n<p class=\"wp-block-paragraph\"><strong>Portoviejo, Ecuador.- <\/strong>En conmemoraci\u00f3n al D\u00eda Internacional de la Eliminaci\u00f3n de la Violencia contra las Mujeres, la Secretar\u00eda de Derechos Humanos en coordinaci\u00f3n con el Sistema Provincial Integral de Prevenci\u00f3n y Erradicaci\u00f3n de Violencia contra las Mujeres, presenta una agenda de actividades.<\/p>\n\n\n\n<p class=\"wp-block-paragraph\">Esta agenda contempla varias acciones que se realizar\u00e1n en las provincias de Manab\u00ed y Santo Domingo de los Ts\u00e1chilas, enfocadas en la prevenci\u00f3n, atenci\u00f3n, protecci\u00f3n y restituci\u00f3n de derechos, con la finalidad de generar espacios de sensibilizaci\u00f3n, capacitaci\u00f3n y atenci\u00f3n para implementar entornos seguros y libres de violencia contra las ni\u00f1as y mujeres.<\/p>\n\n\n\n<p class=\"wp-block-paragraph\">Por medio de estas actividades buscamos una articulaci\u00f3n y dinamizaci\u00f3n de acciones interinstitucionales durante los 16 d\u00edas de Jornadas Libres de Violencia, que se realizar\u00e1n desde el 25 de noviembre, hasta el 10 de diciembre, D\u00eda Internacional de los Derechos Humanos.<\/p>\n\n\n\n<p class=\"wp-block-paragraph\">Esta instituci\u00f3n, por medio de la Oficina T\u00e9cnica 4, promovi\u00f3 por segundo a\u00f1o consecutivo la construcci\u00f3n y lanzamiento de las Agendas Provinciales de actividades del Sistema Provincial Integral de Prevenci\u00f3n y Erradicaci\u00f3n de Violencia contra las Mujeres.<\/p>\n\n\n\n<p class=\"wp-block-paragraph\">Para este a\u00f1o se articularon 70 instituciones, entre Estado, sociedad civil, organismos internaciones y academia, con la realizaci\u00f3n de m\u00e1s de 200 actividades, reafirmando el compromiso y responsabilidad de trabajo para prevenir y erradicar la violencia contra las ni\u00f1as y mujeres.<\/p>\n\n\n\n<p class=\"wp-block-paragraph\">Al respecto Juan Carlos Pe\u00f1afiel, coordinador a la Oficina T\u00e9cnica 4 de la Secretar\u00eda de Derechos Humanos, se\u00f1al\u00f3 que \u201cla prevenci\u00f3n y erradicaci\u00f3n de la violencia es responsabilidad de todas y todos, las agendas nos permiten evidenciar el compromiso y el trabajo conjunto entre Estado, GAD\u2019s, sociedad civil, organismos internaciones y academia, permitiendo generar una intervenci\u00f3n integral y una respuesta inmediata a sobrevivientes y a la sociedad\u201d.&nbsp;&nbsp;&nbsp;&nbsp;&nbsp;&nbsp;&nbsp;&nbsp;&nbsp;&nbsp;&nbsp;&nbsp;&nbsp;&nbsp;&nbsp;&nbsp;&nbsp;&nbsp;&nbsp;&nbsp;&nbsp;&nbsp;&nbsp;&nbsp;&nbsp;&nbsp;&nbsp;&nbsp;&nbsp;&nbsp;&nbsp;&nbsp;&nbsp;&nbsp;&nbsp;&nbsp;&nbsp;&nbsp;&nbsp;&nbsp;&nbsp;&nbsp;&nbsp;&nbsp;&nbsp;&nbsp;&nbsp;&nbsp;&nbsp;&nbsp;&nbsp;&nbsp;&nbsp;&nbsp;&nbsp;&nbsp;&nbsp;&nbsp;&nbsp;&nbsp;&nbsp;&nbsp;&nbsp;&nbsp;&nbsp;<\/p>\n","protected":false},"excerpt":{"rendered":"<p class=\"excerpt\">Portoviejo, Ecuador.- En conmemoraci\u00f3n al D\u00eda Internacional de la Eliminaci\u00f3n de la Violencia contra las Mujeres, la Secretar\u00eda de Derechos Humanos en coordinaci\u00f3n con el Sistema Provincial Integral de Prevenci\u00f3n y Erradicaci\u00f3n de Violencia contra las Mujeres, presenta una agenda de actividades. Esta agenda contempla varias acciones que se realizar\u00e1n en las provincias de Manab\u00ed y Santo Domingo de los&hellip; <a href=\"https:\/\/www.ministeriodegobierno.gob.ec\/derechoshumanos\/2021\/11\/23\/agenda-provincial-de-actividades-del-sistema-provincial-integral-de-prevencion-y-erradicacion-de-violencia-contra-las-mujeres-en-manabi\/\">Read more &rarr;<\/a><\/p>\n","protected":false},"author":6,"featured_media":10946,"comment_status":"closed","ping_status":"closed","sticky":false,"template":"","format":"standard","meta":{"footnotes":""},"categories":[20,5,6],"tags":[],"class_list":["post-10945","post","type-post","status-publish","format-standard","has-post-thumbnail","hentry","category-boletin-de-prensa","category-noticias","category-noticias-destacadas","xfolkentry"],"_links":{"self":[{"href":"https:\/\/www.ministeriodegobierno.gob.ec\/derechoshumanos\/wp-json\/wp\/v2\/posts\/10945","targetHints":{"allow":["GET"]}}],"collection":[{"href":"https:\/\/www.ministeriodegobierno.gob.ec\/derechoshumanos\/wp-json\/wp\/v2\/posts"}],"about":[{"href":"https:\/\/www.ministeriodegobierno.gob.ec\/derechoshumanos\/wp-json\/wp\/v2\/types\/post"}],"author":[{"embeddable":true,"href":"https:\/\/www.ministeriodegobierno.gob.ec\/derechoshumanos\/wp-json\/wp\/v2\/users\/6"}],"replies":[{"embeddable":true,"href":"https:\/\/www.ministeriodegobierno.gob.ec\/derechoshumanos\/wp-json\/wp\/v2\/comments?post=10945"}],"version-history":[{"count":1,"href":"https:\/\/www.ministeriodegobierno.gob.ec\/derechoshumanos\/wp-json\/wp\/v2\/posts\/10945\/revisions"}],"predecessor-version":[{"id":10947,"href":"https:\/\/www.ministeriodegobierno.gob.ec\/derechoshumanos\/wp-json\/wp\/v2\/posts\/10945\/revisions\/10947"}],"wp:featuredmedia":[{"embeddable":true,"href":"https:\/\/www.ministeriodegobierno.gob.ec\/derechoshumanos\/wp-json\/wp\/v2\/media\/10946"}],"wp:attachment":[{"href":"https:\/\/www.ministeriodegobierno.gob.ec\/derechoshumanos\/wp-json\/wp\/v2\/media?parent=10945"}],"wp:term":[{"taxonomy":"category","embeddable":true,"href":"https:\/\/www.ministeriodegobierno.gob.ec\/derechoshumanos\/wp-json\/wp\/v2\/categories?post=10945"},{"taxonomy":"post_tag","embeddable":true,"href":"https:\/\/www.ministeriodegobierno.gob.ec\/derechoshumanos\/wp-json\/wp\/v2\/tags?post=10945"}],"curies":[{"name":"wp","href":"https:\/\/api.w.org\/{rel}","templated":true}]}}