{"id":10949,"date":"2021-12-01T20:34:00","date_gmt":"2021-12-02T01:34:00","guid":{"rendered":"https:\/\/www.derechoshumanos.gob.ec\/?p=10949"},"modified":"2021-12-07T12:36:07","modified_gmt":"2021-12-07T17:36:07","slug":"nuevas-obras-llegan-al-museo-nacional-para-reflexionar-sobre-la-lucha-contra-la-violencia-a-la-mujer","status":"publish","type":"post","link":"https:\/\/www.ministeriodegobierno.gob.ec\/derechoshumanos\/2021\/12\/01\/nuevas-obras-llegan-al-museo-nacional-para-reflexionar-sobre-la-lucha-contra-la-violencia-a-la-mujer\/","title":{"rendered":"Nuevas obras llegan al Museo Nacional para reflexionar sobre la lucha contra la violencia a la mujer"},"content":{"rendered":"\n<h1 class=\"wp-block-heading\"><\/h1>\n\n\n\n<p class=\"wp-block-paragraph\"><strong>Quito, 1 de diciembre de 2021.-&nbsp;&nbsp;<\/strong>Tener nuevas obras art\u00edsticas es siempre un motivo de alegr\u00eda, m\u00e1s si est\u00e1s llegan al Museo Nacional del Ecuador (MuNa) y son de artistas mujeres. Esto es lo que sucedi\u00f3 el 30 de noviembre de 2021, cuando el MuNa recibi\u00f3 la donacionaci\u00f3n de las obras de las artistas Tanya Kohn y Dolores Andrade.<\/p>\n\n\n\n<p class=\"wp-block-paragraph\">Esta actividad, organizada por el MuNa, el Ministerio de Cultura y Patrimonio y la Secretar\u00eda de Derechos Humanos, se realiz\u00f3 en el marco de las \u201cJornadas por la no violencia\u201d por la conmemoraci\u00f3n del D\u00eda Internacional de la Eliminaci\u00f3n de la Violencia contra la Mujer y contribuir\u00e1 a alimentar y complementar los vac\u00edos conceptuales, temporales y art\u00edsticos existentes en la Colecci\u00f3n Nacional.<\/p>\n\n\n\n<p class=\"wp-block-paragraph\">\u00abLa incorporaci\u00f3n de las obras de Tanya Kohn y de Dolores Andrade se convierte en un hito para el Ministerio de Cultura y Patrimonio y el Museo Nacional del Ecuador, pues las mujeres somos sujetos de lucha, resistencia y denuncia, y, para nosotras, el arte es vital\u00bb, enfatiz\u00f3 la ministra Mar\u00eda Elena Machuca.<\/p>\n\n\n\n<p class=\"wp-block-paragraph\">Por su parte, Bernarda Ord\u00f3\u00f1ez, secretaria de Derechos Humanos se\u00f1al\u00f3 \u00abes una gran satisfacci\u00f3n contemplar el trabajo de grandiosas mujeres en estos espacios que suman voces, desde otras formas, para exigir una sociedad m\u00e1s justa. El arte y la cultura contribuyen a erradicar la violencia\u00bb.<\/p>\n\n\n\n<p class=\"wp-block-paragraph\"><strong>Sobre las artistas:<\/strong><\/p>\n\n\n\n<p class=\"wp-block-paragraph\"><strong>Tanya Kohn<\/strong>&nbsp;(Praga, 1935- M\u00e9xico, 2019) emigr\u00f3 al Ecuador desde muy temprana edad. Su vida, como la de su familia, est\u00e1 relacionada de forma muy estrecha al Ecuador. Su padre Karlos Kohn Kagan fue uno de los arquitectos y artistas modernos m\u00e1s influyentes del pa\u00eds y su madre Vera Schiller de Kohn, fue una reconocido psic\u00f3loga y pionera del estudio y pr\u00e1ctica del zen en Ecuador. Adem\u00e1s Tanya Khon vivi\u00f3 gran parte de su vida en M\u00e9xico.&nbsp;<\/p>\n\n\n\n<p class=\"wp-block-paragraph\"><strong>Obra<\/strong><\/p>\n\n\n\n<p class=\"wp-block-paragraph\"><em>Intercomunicaci\u00f3n<\/em>, 1967<\/p>\n\n\n\n<p class=\"wp-block-paragraph\">Tanya Kohn<\/p>\n\n\n\n<p class=\"wp-block-paragraph\">\u00d3leo sobre lienzo<\/p>\n\n\n\n<p class=\"wp-block-paragraph\">163 x 102<\/p>\n\n\n\n<p class=\"wp-block-paragraph\"><strong><em>Intercomunicaciones<\/em><\/strong><em>&nbsp;<\/em>es parte de una serie de obras con las cuales la artista explora las posibles representaciones del espacio como una forma de invocar la existencia de mundos alternativos. \u201cA m\u00ed siempre me ha fascinado lo no definido, lo que es y no es, el misterio, creo que es la base del arte.\u201d&nbsp;<\/p>\n\n\n\n<p class=\"wp-block-paragraph\"><strong>Dolores Andrade<\/strong>&nbsp;(Quito, 1954), realiz\u00f3 sus estudios en la Escuela de Bellas Artes de La Universidad Central del Ecuador y en Alemania. Desde 1977 trabaj\u00f3 como docente en la c\u00e1tedra de arte en diferentes establecimientos educativos. Colabor\u00f3 con el Departamento de Difusi\u00f3n Cultural del Banco Central del Ecuador, espacio que le permiti\u00f3 vincularse con los sectores populares del centro y sur de la ciudad de Quito. En 1991 particip\u00f3 en la III Bienal Internacional de Pintura en Cuenca. De 1993 a 1995 particip\u00f3 en el proyecto de arte p\u00fablico \u201cArte para todos\u201d del Municipio de Quito. En el a\u00f1o 1996 fue premiada su propuesta en concurso nacional para construir el Monumento a la Memoria en honor a las v\u00edctimas desaparecidas por la reprensi\u00f3n del estado. Durante su vida ha demostrado inter\u00e9s y ha colaborado con movimientos pol\u00edtios a favor de una sociedad m\u00e1s equitativa a trav\u00e9s de talleres art\u00edsticos.<\/p>\n\n\n\n<p class=\"wp-block-paragraph\"><strong>Obra<\/strong><\/p>\n\n\n\n<p class=\"wp-block-paragraph\"><em>Qui\u00e9n se atreve a proyectarse en su sombra,&nbsp;<\/em>2017<\/p>\n\n\n\n<p class=\"wp-block-paragraph\">Dolores Andrade<\/p>\n\n\n\n<p class=\"wp-block-paragraph\">Esculturas talladas en madera de cedro<\/p>\n\n\n\n<p class=\"wp-block-paragraph\">Dos cuerpos de 240x 25 x 8 cm<\/p>\n\n\n\n<p class=\"wp-block-paragraph\">Base de madera de cipr\u00e9s 164 x 36 x 30<\/p>\n\n\n\n<p class=\"wp-block-paragraph\"><strong><em>Qui\u00e9n se atreve a proyectarse<\/em><\/strong><em>&nbsp;en su sombra<\/em>&nbsp;es parte de una serie de esculturas que hacen referencia a producciones materiales de culturas ancestrales; a figuras y encuentros de otros tiempos. En el cuaderno de bocetos y apuntes de la artista aparece la siguiente nota preliminar sobre este trabajo:<\/p>\n\n\n\n<p class=\"wp-block-paragraph\">En la vereda<\/p>\n\n\n\n<p class=\"wp-block-paragraph\">Se encontraron<\/p>\n\n\n\n<p class=\"wp-block-paragraph\">y reconocieron<\/p>\n\n\n\n<p class=\"wp-block-paragraph\">estaban hechos<\/p>\n\n\n\n<p class=\"wp-block-paragraph\">del mismo alambre<\/p>\n\n\n\n<p class=\"wp-block-paragraph\">de una sola corrida.<\/p>\n\n\n\n<p class=\"wp-block-paragraph\">Muchos soles,<\/p>\n\n\n\n<p class=\"wp-block-paragraph\">con sus lunas<\/p>\n\n\n\n<p class=\"wp-block-paragraph\">pasaron<\/p>\n\n\n\n<p class=\"wp-block-paragraph\">sin reencontrarse.<\/p>\n\n\n\n<p class=\"wp-block-paragraph\">Sus colores, sus texturas<\/p>\n\n\n\n<p class=\"wp-block-paragraph\">con el tiempo<\/p>\n\n\n\n<p class=\"wp-block-paragraph\">se pulieron.<\/p>\n\n\n\n<p class=\"wp-block-paragraph\">Dialogaron en silencio<\/p>\n\n\n\n<p class=\"wp-block-paragraph\">como buenos amantes.<\/p>\n\n\n\n<p class=\"wp-block-paragraph\">Juntaron sus pies,<\/p>\n\n\n\n<p class=\"wp-block-paragraph\">Hamac\u00e1ndose en<\/p>\n\n\n\n<p class=\"wp-block-paragraph\">el viento\u2026<\/p>\n\n\n\n<p class=\"wp-block-paragraph\">dejando fluir sus promesas<\/p>\n\n\n\n<p class=\"wp-block-paragraph\">Con este acto el MuNa y el Ministerio de Cultura y Patrimonio impulsan a las instituciones culturales a invertir en sus colecciones a trav\u00e9s de compras y donaciones para as\u00ed alimentar y complementar los vac\u00edos conceptuales, temporales y art\u00edsticos existentes.<\/p>\n","protected":false},"excerpt":{"rendered":"<p class=\"excerpt\">Quito, 1 de diciembre de 2021.-&nbsp;&nbsp;Tener nuevas obras art\u00edsticas es siempre un motivo de alegr\u00eda, m\u00e1s si est\u00e1s llegan al Museo Nacional del Ecuador (MuNa) y son de artistas mujeres. Esto es lo que sucedi\u00f3 el 30 de noviembre de 2021, cuando el MuNa recibi\u00f3 la donacionaci\u00f3n de las obras de las artistas Tanya Kohn y Dolores Andrade. Esta actividad,&hellip; <a href=\"https:\/\/www.ministeriodegobierno.gob.ec\/derechoshumanos\/2021\/12\/01\/nuevas-obras-llegan-al-museo-nacional-para-reflexionar-sobre-la-lucha-contra-la-violencia-a-la-mujer\/\">Read more &rarr;<\/a><\/p>\n","protected":false},"author":6,"featured_media":10950,"comment_status":"closed","ping_status":"closed","sticky":false,"template":"","format":"standard","meta":{"footnotes":""},"categories":[20,5,6],"tags":[],"class_list":["post-10949","post","type-post","status-publish","format-standard","has-post-thumbnail","hentry","category-boletin-de-prensa","category-noticias","category-noticias-destacadas","xfolkentry"],"_links":{"self":[{"href":"https:\/\/www.ministeriodegobierno.gob.ec\/derechoshumanos\/wp-json\/wp\/v2\/posts\/10949","targetHints":{"allow":["GET"]}}],"collection":[{"href":"https:\/\/www.ministeriodegobierno.gob.ec\/derechoshumanos\/wp-json\/wp\/v2\/posts"}],"about":[{"href":"https:\/\/www.ministeriodegobierno.gob.ec\/derechoshumanos\/wp-json\/wp\/v2\/types\/post"}],"author":[{"embeddable":true,"href":"https:\/\/www.ministeriodegobierno.gob.ec\/derechoshumanos\/wp-json\/wp\/v2\/users\/6"}],"replies":[{"embeddable":true,"href":"https:\/\/www.ministeriodegobierno.gob.ec\/derechoshumanos\/wp-json\/wp\/v2\/comments?post=10949"}],"version-history":[{"count":1,"href":"https:\/\/www.ministeriodegobierno.gob.ec\/derechoshumanos\/wp-json\/wp\/v2\/posts\/10949\/revisions"}],"predecessor-version":[{"id":10951,"href":"https:\/\/www.ministeriodegobierno.gob.ec\/derechoshumanos\/wp-json\/wp\/v2\/posts\/10949\/revisions\/10951"}],"wp:featuredmedia":[{"embeddable":true,"href":"https:\/\/www.ministeriodegobierno.gob.ec\/derechoshumanos\/wp-json\/wp\/v2\/media\/10950"}],"wp:attachment":[{"href":"https:\/\/www.ministeriodegobierno.gob.ec\/derechoshumanos\/wp-json\/wp\/v2\/media?parent=10949"}],"wp:term":[{"taxonomy":"category","embeddable":true,"href":"https:\/\/www.ministeriodegobierno.gob.ec\/derechoshumanos\/wp-json\/wp\/v2\/categories?post=10949"},{"taxonomy":"post_tag","embeddable":true,"href":"https:\/\/www.ministeriodegobierno.gob.ec\/derechoshumanos\/wp-json\/wp\/v2\/tags?post=10949"}],"curies":[{"name":"wp","href":"https:\/\/api.w.org\/{rel}","templated":true}]}}