{"id":10952,"date":"2021-12-01T18:44:00","date_gmt":"2021-12-01T23:44:00","guid":{"rendered":"https:\/\/www.derechoshumanos.gob.ec\/?p=10952"},"modified":"2021-12-07T12:45:12","modified_gmt":"2021-12-07T17:45:12","slug":"vih-sida-la-discriminacion-es-una-forma-de-violencia","status":"publish","type":"post","link":"https:\/\/www.ministeriodegobierno.gob.ec\/derechoshumanos\/2021\/12\/01\/vih-sida-la-discriminacion-es-una-forma-de-violencia\/","title":{"rendered":"VIH \u2013 SIDA, la discriminaci\u00f3n es una forma de violencia"},"content":{"rendered":"\n<p class=\"wp-block-paragraph\">El Ministerio de Salud P\u00fablica (MSP) se uni\u00f3 este mi\u00e9rcoles 1 de diciembre, a la conmemoraci\u00f3n por el D\u00eda Mundial de respuesta frente al VIH\/SIDA, con el compromiso de fortalecer el acceso a los servicios para alrededor de 45 mil personas que viven en el pa\u00eds con esta enfermedad, de ellos el 72% son hombres y 28% mujeres.<\/p>\n\n\n\n<p class=\"wp-block-paragraph\">El evento que tuvo lugar en la Plataforma Social del Sur, se desarroll\u00f3 tambi\u00e9n en el marco de la campa\u00f1a \u201cDe la indignaci\u00f3n a la Acci\u00f3n\u201d, debido a que la discriminaci\u00f3n es una forma de violencia. Por ello, Ecuador ratific\u00f3 su trabajo para eliminar todas las formas de discriminaci\u00f3n relacionadas con el VIH.<\/p>\n\n\n\n<p class=\"wp-block-paragraph\">Estuvieron presentes Francisco Vallejo, subsecretario Nacional de Promoci\u00f3n de la Salud e Igualdad junto a \u00d3scar Barreneche, representante de la Organizaci\u00f3n Panamericana de la Salud OMS\/OPS; Karen Su\u00e1rez, asesora en G\u00e9nero y Derechos Humanos de ONUSIDA en Ecuador, Bolivia y Per\u00fa; el subsecretario de Diversidades de la Secretar\u00eda de Derechos Humanos, Felipe Ochoa, entre otras autoridades.<\/p>\n\n\n\n<p class=\"wp-block-paragraph\">Vallejo, asegur\u00f3 que a trav\u00e9s de la Estrategia de VIH- SIDA del MSP, se lideran procesos de pol\u00edticas sanitarias para dar respuesta a la enfermedad,&nbsp; promoviendo el respeto a los derechos humanos, eliminando los estigmas y la discriminaci\u00f3n, adem\u00e1s de brindar una atenci\u00f3n integral. Explic\u00f3 que en el pa\u00eds, la incidencia de esta patolog\u00eda se refleja en las cifras, que de &nbsp;enero a julio de 2021, reportan 2.128 nuevos casos a escala nacional.<\/p>\n\n\n\n<p class=\"wp-block-paragraph\">La provincia del Guayas concentra 622 casos, que representa el 29%, seguido de Pichincha con un total de 413 casos, el 19%. Mientras que a octubre, suman 33.425 personas en tratamiento antirretroviral. Todos los casos son atendidos en las 50 Unidades de Atenci\u00f3n Integral (UAI) del MSP, a escala nacional.<\/p>\n\n\n\n<p class=\"wp-block-paragraph\">Barreneche, agreg\u00f3 que tras la pandemia por la COVID-19, \u201choy m\u00e1s que nunca es importante que este grupo de personas con mayor riesgo al VIH tengan la intervenci\u00f3n necesaria, el tamizaje oportuno y cercano. Mientras m\u00e1s temprano se haga el diagnostico mejor ser\u00e1 el resultado del tratamiento. Se deben redoblar esfuerzo para que accedan a los servicios de prevenci\u00f3n y tratamiento\u201d. &nbsp;&nbsp;&nbsp;<\/p>\n\n\n\n<p class=\"wp-block-paragraph\">Ochoa, destac\u00f3 que la conmemoraci\u00f3n coincide con la adhesi\u00f3n del pa\u00eds a la \u201cAlianza Mundial para eliminar todas las formas de discriminaci\u00f3n relacionadas con el VIH\u201d, liderada por ONU-SIDA. \u201cFormar parte de esta iniciativa global es paradigm\u00e1tico en el pa\u00eds, no solo porque suma acciones que realiza el Estado para apoyar a los involucrados en la lucha contra el VIH sino porque es la primera vez en el mundo que un pa\u00eds se une a la Alianza por medio del trabajo articulado de dos instituciones complementarias, el MSP como ante rector sanitario y la Secretaria como rector de la pol\u00edtica de derechos humanos\u201d.<\/p>\n","protected":false},"excerpt":{"rendered":"<p class=\"excerpt\">El Ministerio de Salud P\u00fablica (MSP) se uni\u00f3 este mi\u00e9rcoles 1 de diciembre, a la conmemoraci\u00f3n por el D\u00eda Mundial de respuesta frente al VIH\/SIDA, con el compromiso de fortalecer el acceso a los servicios para alrededor de 45 mil personas que viven en el pa\u00eds con esta enfermedad, de ellos el 72% son hombres y 28% mujeres. El evento&hellip; <a href=\"https:\/\/www.ministeriodegobierno.gob.ec\/derechoshumanos\/2021\/12\/01\/vih-sida-la-discriminacion-es-una-forma-de-violencia\/\">Read more &rarr;<\/a><\/p>\n","protected":false},"author":6,"featured_media":10953,"comment_status":"closed","ping_status":"closed","sticky":false,"template":"","format":"standard","meta":{"footnotes":""},"categories":[20,5,6],"tags":[],"class_list":["post-10952","post","type-post","status-publish","format-standard","has-post-thumbnail","hentry","category-boletin-de-prensa","category-noticias","category-noticias-destacadas","xfolkentry"],"_links":{"self":[{"href":"https:\/\/www.ministeriodegobierno.gob.ec\/derechoshumanos\/wp-json\/wp\/v2\/posts\/10952","targetHints":{"allow":["GET"]}}],"collection":[{"href":"https:\/\/www.ministeriodegobierno.gob.ec\/derechoshumanos\/wp-json\/wp\/v2\/posts"}],"about":[{"href":"https:\/\/www.ministeriodegobierno.gob.ec\/derechoshumanos\/wp-json\/wp\/v2\/types\/post"}],"author":[{"embeddable":true,"href":"https:\/\/www.ministeriodegobierno.gob.ec\/derechoshumanos\/wp-json\/wp\/v2\/users\/6"}],"replies":[{"embeddable":true,"href":"https:\/\/www.ministeriodegobierno.gob.ec\/derechoshumanos\/wp-json\/wp\/v2\/comments?post=10952"}],"version-history":[{"count":1,"href":"https:\/\/www.ministeriodegobierno.gob.ec\/derechoshumanos\/wp-json\/wp\/v2\/posts\/10952\/revisions"}],"predecessor-version":[{"id":10954,"href":"https:\/\/www.ministeriodegobierno.gob.ec\/derechoshumanos\/wp-json\/wp\/v2\/posts\/10952\/revisions\/10954"}],"wp:featuredmedia":[{"embeddable":true,"href":"https:\/\/www.ministeriodegobierno.gob.ec\/derechoshumanos\/wp-json\/wp\/v2\/media\/10953"}],"wp:attachment":[{"href":"https:\/\/www.ministeriodegobierno.gob.ec\/derechoshumanos\/wp-json\/wp\/v2\/media?parent=10952"}],"wp:term":[{"taxonomy":"category","embeddable":true,"href":"https:\/\/www.ministeriodegobierno.gob.ec\/derechoshumanos\/wp-json\/wp\/v2\/categories?post=10952"},{"taxonomy":"post_tag","embeddable":true,"href":"https:\/\/www.ministeriodegobierno.gob.ec\/derechoshumanos\/wp-json\/wp\/v2\/tags?post=10952"}],"curies":[{"name":"wp","href":"https:\/\/api.w.org\/{rel}","templated":true}]}}