{"id":10956,"date":"2021-12-07T17:28:04","date_gmt":"2021-12-07T22:28:04","guid":{"rendered":"https:\/\/www.derechoshumanos.gob.ec\/?p=10956"},"modified":"2021-12-07T17:28:05","modified_gmt":"2021-12-07T22:28:05","slug":"en-machala-se-realizo-acompanamiento-psicosocial-a-familiares-de-victima-de-presunto-femicidio","status":"publish","type":"post","link":"https:\/\/www.ministeriodegobierno.gob.ec\/derechoshumanos\/2021\/12\/07\/en-machala-se-realizo-acompanamiento-psicosocial-a-familiares-de-victima-de-presunto-femicidio\/","title":{"rendered":"EN MACHALA SE REALIZ\u00d3 ACOMPA\u00d1AMIENTO PSICOSOCIAL A FAMILIARES DE V\u00cdCTIMA DE PRESUNTO FEMICIDIO"},"content":{"rendered":"\n<p class=\"wp-block-paragraph\"><\/p>\n\n\n\n<p class=\"wp-block-paragraph\">Machala, Ecuador.- La Secretar\u00eda de Derechos Humanos ante el presunto femicidio, registrado en el Centro de Privaci\u00f3n de Libertad de Machala, se activ\u00f3 conjuntamente con Fiscal\u00eda General del Estado, Defensor\u00eda P\u00fablica, Gobernaci\u00f3n de El Oro, Ministerio de Salud P\u00fablica, Ministerio de Inclusi\u00f3n Econ\u00f3mica y Social, el Servicio de Atenci\u00f3n Integral a Personas Privadas de la Libertad y Adolescentes Infractores y con el Movimiento de Mujeres de El Oro, en garant\u00eda de la debida diligencia en el proceso de atenci\u00f3n integral.<\/p>\n\n\n\n<p class=\"wp-block-paragraph\">Las profesionales del Servicio de Protecci\u00f3n Integral brindaron atenci\u00f3n psicosocial a los familiares de la v\u00edctima y realizaron el acompa\u00f1amiento hasta la Unidad de Flagrancia en las instalaciones de la Polic\u00eda Nacional, para rendir versi\u00f3n de los hechos, previo a la audiencia de formulaci\u00f3n de cargos.<\/p>\n\n\n\n<p class=\"wp-block-paragraph\"><a><\/a>Asimismo, se efectu\u00f3 el traslado de la familia y f\u00e9retro hacia el domicilio ubicado en parroquia Puerto Bol\u00edvar, tambi\u00e9n se identific\u00f3 la necesidad econ\u00f3mica de los gastos funerarios por lo que se impuls\u00f3 a organizaciones no gubernamentales como CARE Ecuador y la Organizaci\u00f3n Internacional para las Misiones (OIM) con la finalidad de que se brinde&nbsp; la asistencia monetaria correspondiente.<\/p>\n\n\n\n<p class=\"wp-block-paragraph\">La Secretar\u00eda de Derechos Humanos continuar\u00e1 con el seguimiento integral conforme a las competencias en el presente caso, y&nbsp; as\u00ed restituir los derechos de las v\u00edctimas indirectas de femicidio.<\/p>\n\n\n\n<p class=\"wp-block-paragraph\">Sophia Cueva Mej\u00eda, coordinadora de la Oficina T\u00e9cnica manifest\u00f3 que: \u201cnuestros equipos interdisciplinarios trabajan con un gran compromiso y alta sensibilidad, est\u00e1n prestos para la atenci\u00f3n integral y el acompa\u00f1amiento necesario a las v\u00edctimas indirectas de este lamentable hecho\u201d.<\/p>\n","protected":false},"excerpt":{"rendered":"<p class=\"excerpt\">Machala, Ecuador.- La Secretar\u00eda de Derechos Humanos ante el presunto femicidio, registrado en el Centro de Privaci\u00f3n de Libertad de Machala, se activ\u00f3 conjuntamente con Fiscal\u00eda General del Estado, Defensor\u00eda P\u00fablica, Gobernaci\u00f3n de El Oro, Ministerio de Salud P\u00fablica, Ministerio de Inclusi\u00f3n Econ\u00f3mica y Social, el Servicio de Atenci\u00f3n Integral a Personas Privadas de la Libertad y Adolescentes Infractores y&hellip; <a href=\"https:\/\/www.ministeriodegobierno.gob.ec\/derechoshumanos\/2021\/12\/07\/en-machala-se-realizo-acompanamiento-psicosocial-a-familiares-de-victima-de-presunto-femicidio\/\">Read more &rarr;<\/a><\/p>\n","protected":false},"author":6,"featured_media":10957,"comment_status":"closed","ping_status":"closed","sticky":false,"template":"","format":"standard","meta":{"footnotes":""},"categories":[20,5,6],"tags":[],"class_list":["post-10956","post","type-post","status-publish","format-standard","has-post-thumbnail","hentry","category-boletin-de-prensa","category-noticias","category-noticias-destacadas","xfolkentry"],"_links":{"self":[{"href":"https:\/\/www.ministeriodegobierno.gob.ec\/derechoshumanos\/wp-json\/wp\/v2\/posts\/10956","targetHints":{"allow":["GET"]}}],"collection":[{"href":"https:\/\/www.ministeriodegobierno.gob.ec\/derechoshumanos\/wp-json\/wp\/v2\/posts"}],"about":[{"href":"https:\/\/www.ministeriodegobierno.gob.ec\/derechoshumanos\/wp-json\/wp\/v2\/types\/post"}],"author":[{"embeddable":true,"href":"https:\/\/www.ministeriodegobierno.gob.ec\/derechoshumanos\/wp-json\/wp\/v2\/users\/6"}],"replies":[{"embeddable":true,"href":"https:\/\/www.ministeriodegobierno.gob.ec\/derechoshumanos\/wp-json\/wp\/v2\/comments?post=10956"}],"version-history":[{"count":1,"href":"https:\/\/www.ministeriodegobierno.gob.ec\/derechoshumanos\/wp-json\/wp\/v2\/posts\/10956\/revisions"}],"predecessor-version":[{"id":10958,"href":"https:\/\/www.ministeriodegobierno.gob.ec\/derechoshumanos\/wp-json\/wp\/v2\/posts\/10956\/revisions\/10958"}],"wp:featuredmedia":[{"embeddable":true,"href":"https:\/\/www.ministeriodegobierno.gob.ec\/derechoshumanos\/wp-json\/wp\/v2\/media\/10957"}],"wp:attachment":[{"href":"https:\/\/www.ministeriodegobierno.gob.ec\/derechoshumanos\/wp-json\/wp\/v2\/media?parent=10956"}],"wp:term":[{"taxonomy":"category","embeddable":true,"href":"https:\/\/www.ministeriodegobierno.gob.ec\/derechoshumanos\/wp-json\/wp\/v2\/categories?post=10956"},{"taxonomy":"post_tag","embeddable":true,"href":"https:\/\/www.ministeriodegobierno.gob.ec\/derechoshumanos\/wp-json\/wp\/v2\/tags?post=10956"}],"curies":[{"name":"wp","href":"https:\/\/api.w.org\/{rel}","templated":true}]}}