{"id":10964,"date":"2021-12-01T12:03:29","date_gmt":"2021-12-01T17:03:29","guid":{"rendered":"https:\/\/www.derechoshumanos.gob.ec\/?p=10964"},"modified":"2021-12-08T12:06:06","modified_gmt":"2021-12-08T17:06:06","slug":"en-manabi-sesiono-el-sistema-provincial-integral-de-prevencion-y-erradicacion-de-violencia-contra-las-mujeres","status":"publish","type":"post","link":"https:\/\/www.ministeriodegobierno.gob.ec\/derechoshumanos\/2021\/12\/01\/en-manabi-sesiono-el-sistema-provincial-integral-de-prevencion-y-erradicacion-de-violencia-contra-las-mujeres\/","title":{"rendered":"En Manab\u00ed sesion\u00f3 el Sistema Provincial Integral de Prevenci\u00f3n y Erradicaci\u00f3n de Violencia contra las Mujeres"},"content":{"rendered":"\n<p class=\"wp-block-paragraph\"><\/p>\n\n\n\n<p class=\"wp-block-paragraph\"><strong>Portoviejo, Ecuador.- <\/strong>En el marco de las Jornadas Libres de Violencia, se realiz\u00f3 la sesi\u00f3n del Sistema Provincial Integral de Prevenci\u00f3n y Erradicaci\u00f3n de Violencia contra las Mujeres, que cont\u00f3 con la participaci\u00f3n de las m\u00e1ximas autoridades locales de Manab\u00ed.<\/p>\n\n\n\n<p class=\"wp-block-paragraph\">Esta reuni\u00f3n liderada por la Secretar\u00eda de Derechos Humanos tuvo como finalidad evaluar, consolidar y articular acciones para una efectiva respuesta de las instituciones del sector p\u00fablico, sociedad civil y organismos internacionales que tengan relaci\u00f3n con los servicios que se brindan para ni\u00f1as, ni\u00f1os, adolescentes y mujeres sobrevivientes de violencia.<\/p>\n\n\n\n<p class=\"wp-block-paragraph\">Una de las principales resoluciones que se tom\u00f3 en esta sesi\u00f3n fue el levantamiento del diagn\u00f3stico de la eficacia de los servicios p\u00fablicos brindados a sobrevivientes de violencia, que ser\u00e1 construido con el apoyo de la cooperaci\u00f3n internacional, con el objetivo de detectar debilidades y establecer estrategias para mejorar la atenci\u00f3n ciudadana.<\/p>\n\n\n\n<p class=\"wp-block-paragraph\">Al respecto Juan Carlos Pe\u00f1afiel, Coordinador de la Oficina T\u00e9cnica Zonal 4, se\u00f1al\u00f3 que: \u201cel Sistema Provincial de Prevenci\u00f3n y Erradicaci\u00f3n de la Violencia, nos permite evaluar de forma permanente los servicios p\u00fablicos que se brindan a las sobrevivientes de violencia, de cara a implementar estrategias articuladas intersectoriales que permitan mejorar de forma continua la atenci\u00f3n y protecci\u00f3n a las ni\u00f1as y mujeres\u201d.<\/p>\n","protected":false},"excerpt":{"rendered":"<p class=\"excerpt\">Portoviejo, Ecuador.- En el marco de las Jornadas Libres de Violencia, se realiz\u00f3 la sesi\u00f3n del Sistema Provincial Integral de Prevenci\u00f3n y Erradicaci\u00f3n de Violencia contra las Mujeres, que cont\u00f3 con la participaci\u00f3n de las m\u00e1ximas autoridades locales de Manab\u00ed. Esta reuni\u00f3n liderada por la Secretar\u00eda de Derechos Humanos tuvo como finalidad evaluar, consolidar y articular acciones para una efectiva&hellip; <a href=\"https:\/\/www.ministeriodegobierno.gob.ec\/derechoshumanos\/2021\/12\/01\/en-manabi-sesiono-el-sistema-provincial-integral-de-prevencion-y-erradicacion-de-violencia-contra-las-mujeres\/\">Read more &rarr;<\/a><\/p>\n","protected":false},"author":6,"featured_media":10966,"comment_status":"closed","ping_status":"closed","sticky":false,"template":"","format":"standard","meta":{"footnotes":""},"categories":[20,5,6],"tags":[],"class_list":["post-10964","post","type-post","status-publish","format-standard","has-post-thumbnail","hentry","category-boletin-de-prensa","category-noticias","category-noticias-destacadas","xfolkentry"],"_links":{"self":[{"href":"https:\/\/www.ministeriodegobierno.gob.ec\/derechoshumanos\/wp-json\/wp\/v2\/posts\/10964","targetHints":{"allow":["GET"]}}],"collection":[{"href":"https:\/\/www.ministeriodegobierno.gob.ec\/derechoshumanos\/wp-json\/wp\/v2\/posts"}],"about":[{"href":"https:\/\/www.ministeriodegobierno.gob.ec\/derechoshumanos\/wp-json\/wp\/v2\/types\/post"}],"author":[{"embeddable":true,"href":"https:\/\/www.ministeriodegobierno.gob.ec\/derechoshumanos\/wp-json\/wp\/v2\/users\/6"}],"replies":[{"embeddable":true,"href":"https:\/\/www.ministeriodegobierno.gob.ec\/derechoshumanos\/wp-json\/wp\/v2\/comments?post=10964"}],"version-history":[{"count":1,"href":"https:\/\/www.ministeriodegobierno.gob.ec\/derechoshumanos\/wp-json\/wp\/v2\/posts\/10964\/revisions"}],"predecessor-version":[{"id":10967,"href":"https:\/\/www.ministeriodegobierno.gob.ec\/derechoshumanos\/wp-json\/wp\/v2\/posts\/10964\/revisions\/10967"}],"wp:featuredmedia":[{"embeddable":true,"href":"https:\/\/www.ministeriodegobierno.gob.ec\/derechoshumanos\/wp-json\/wp\/v2\/media\/10966"}],"wp:attachment":[{"href":"https:\/\/www.ministeriodegobierno.gob.ec\/derechoshumanos\/wp-json\/wp\/v2\/media?parent=10964"}],"wp:term":[{"taxonomy":"category","embeddable":true,"href":"https:\/\/www.ministeriodegobierno.gob.ec\/derechoshumanos\/wp-json\/wp\/v2\/categories?post=10964"},{"taxonomy":"post_tag","embeddable":true,"href":"https:\/\/www.ministeriodegobierno.gob.ec\/derechoshumanos\/wp-json\/wp\/v2\/tags?post=10964"}],"curies":[{"name":"wp","href":"https:\/\/api.w.org\/{rel}","templated":true}]}}