{"id":10968,"date":"2021-12-08T12:11:21","date_gmt":"2021-12-08T17:11:21","guid":{"rendered":"https:\/\/www.derechoshumanos.gob.ec\/?p=10968"},"modified":"2021-12-08T14:17:53","modified_gmt":"2021-12-08T19:17:53","slug":"en-portoviejo-desarrollamos-el-evento-camino-de-luz-yo-actuo-y-me-protejo-contra-la-violencia","status":"publish","type":"post","link":"https:\/\/www.ministeriodegobierno.gob.ec\/derechoshumanos\/2021\/12\/08\/en-portoviejo-desarrollamos-el-evento-camino-de-luz-yo-actuo-y-me-protejo-contra-la-violencia\/","title":{"rendered":"En Portoviejo participamos en el evento \u201cCamino de Luz, yo actu\u00f3 y me protejo contra la Violencia\u201d"},"content":{"rendered":"\n<p class=\"wp-block-paragraph\"><\/p>\n\n\n\n<p class=\"wp-block-paragraph\"><strong>Portoviejo, Ecuador.- <\/strong>La Secretar\u00eda de Derechos Humanos, como parte de las Jornadas Libres de Violencia particip\u00f3 en el evento de&nbsp;sensibilizaci\u00f3n y difusi\u00f3n de la ruta de atenci\u00f3n a ni\u00f1as, ni\u00f1os, adolescentes y mujeres sobrevivientes de violencia, denominado \u201cCamino de Luz, yo actu\u00f3 y me protejo contra la violencia\u201d, organizado por la Fundaci\u00f3n Nuevos Horizontes y el Municipio de Portoviejo.<\/p>\n\n\n\n<p class=\"wp-block-paragraph\">El evento se centr\u00f3 en identificar los tipos de violencias y entregar informaci\u00f3n y orientaci\u00f3n sobre mecanismos de protecci\u00f3n a sobrevivientes de violencia. Adem\u00e1s, fue un espacio de di\u00e1logo directo con familias, lo que permiti\u00f3 un acercamiento y relacionamiento para difundir los servicios de la Secretar\u00eda de Derechos Humanos con respecto a los Servicios de Protecci\u00f3n Integral y Centros de Atenci\u00f3n.<\/p>\n\n\n\n<p class=\"wp-block-paragraph\">Juan Carlos Pe\u00f1afiel, Coordinador de la Oficina T\u00e9cnica Zonal 4, mencion\u00f3 que: \u201cla difusi\u00f3n de rutas de atenci\u00f3n constituye una actividad fundamental, porque estamos difundiendo esperanza y protecci\u00f3n para sobrevivientes de violencia basada en g\u00e9nero\u201d.<\/p>\n\n\n\n<p class=\"wp-block-paragraph\">Esta actividad se realiz\u00f3 en el parque Las Vegas debido al alto movimiento de personas que pasan por el lugar.<\/p>\n","protected":false},"excerpt":{"rendered":"<p class=\"excerpt\">Portoviejo, Ecuador.- La Secretar\u00eda de Derechos Humanos, como parte de las Jornadas Libres de Violencia particip\u00f3 en el evento de&nbsp;sensibilizaci\u00f3n y difusi\u00f3n de la ruta de atenci\u00f3n a ni\u00f1as, ni\u00f1os, adolescentes y mujeres sobrevivientes de violencia, denominado \u201cCamino de Luz, yo actu\u00f3 y me protejo contra la violencia\u201d, organizado por la Fundaci\u00f3n Nuevos Horizontes y el Municipio de Portoviejo. El&hellip; <a href=\"https:\/\/www.ministeriodegobierno.gob.ec\/derechoshumanos\/2021\/12\/08\/en-portoviejo-desarrollamos-el-evento-camino-de-luz-yo-actuo-y-me-protejo-contra-la-violencia\/\">Read more &rarr;<\/a><\/p>\n","protected":false},"author":6,"featured_media":10969,"comment_status":"closed","ping_status":"closed","sticky":false,"template":"","format":"standard","meta":{"footnotes":""},"categories":[20,5,6],"tags":[],"class_list":["post-10968","post","type-post","status-publish","format-standard","has-post-thumbnail","hentry","category-boletin-de-prensa","category-noticias","category-noticias-destacadas","xfolkentry"],"_links":{"self":[{"href":"https:\/\/www.ministeriodegobierno.gob.ec\/derechoshumanos\/wp-json\/wp\/v2\/posts\/10968","targetHints":{"allow":["GET"]}}],"collection":[{"href":"https:\/\/www.ministeriodegobierno.gob.ec\/derechoshumanos\/wp-json\/wp\/v2\/posts"}],"about":[{"href":"https:\/\/www.ministeriodegobierno.gob.ec\/derechoshumanos\/wp-json\/wp\/v2\/types\/post"}],"author":[{"embeddable":true,"href":"https:\/\/www.ministeriodegobierno.gob.ec\/derechoshumanos\/wp-json\/wp\/v2\/users\/6"}],"replies":[{"embeddable":true,"href":"https:\/\/www.ministeriodegobierno.gob.ec\/derechoshumanos\/wp-json\/wp\/v2\/comments?post=10968"}],"version-history":[{"count":3,"href":"https:\/\/www.ministeriodegobierno.gob.ec\/derechoshumanos\/wp-json\/wp\/v2\/posts\/10968\/revisions"}],"predecessor-version":[{"id":10977,"href":"https:\/\/www.ministeriodegobierno.gob.ec\/derechoshumanos\/wp-json\/wp\/v2\/posts\/10968\/revisions\/10977"}],"wp:featuredmedia":[{"embeddable":true,"href":"https:\/\/www.ministeriodegobierno.gob.ec\/derechoshumanos\/wp-json\/wp\/v2\/media\/10969"}],"wp:attachment":[{"href":"https:\/\/www.ministeriodegobierno.gob.ec\/derechoshumanos\/wp-json\/wp\/v2\/media?parent=10968"}],"wp:term":[{"taxonomy":"category","embeddable":true,"href":"https:\/\/www.ministeriodegobierno.gob.ec\/derechoshumanos\/wp-json\/wp\/v2\/categories?post=10968"},{"taxonomy":"post_tag","embeddable":true,"href":"https:\/\/www.ministeriodegobierno.gob.ec\/derechoshumanos\/wp-json\/wp\/v2\/tags?post=10968"}],"curies":[{"name":"wp","href":"https:\/\/api.w.org\/{rel}","templated":true}]}}