{"id":10972,"date":"2021-12-02T12:15:00","date_gmt":"2021-12-02T17:15:00","guid":{"rendered":"https:\/\/www.derechoshumanos.gob.ec\/?p=10972"},"modified":"2021-12-08T12:15:26","modified_gmt":"2021-12-08T17:15:26","slug":"capacitacion-sobre-la-ley-organica-de-prevencion-y-erradicacion-de-la-violencia-contra-las-mujeres-y-rutas-de-atencion-a-sobrevivientes-se-desarrollo-en-portoviejo","status":"publish","type":"post","link":"https:\/\/www.ministeriodegobierno.gob.ec\/derechoshumanos\/2021\/12\/02\/capacitacion-sobre-la-ley-organica-de-prevencion-y-erradicacion-de-la-violencia-contra-las-mujeres-y-rutas-de-atencion-a-sobrevivientes-se-desarrollo-en-portoviejo\/","title":{"rendered":"Capacitaci\u00f3n sobre la \u201cLey Org\u00e1nica de Prevenci\u00f3n y Erradicaci\u00f3n de la Violencia Contra las Mujeres y Rutas de Atenci\u00f3n a Sobrevivientes\u201d se desarroll\u00f3 en Portoviejo"},"content":{"rendered":"\n<p class=\"wp-block-paragraph\"><\/p>\n\n\n\n<p class=\"wp-block-paragraph\"><strong>Portoviejo, Ecuador.- <\/strong>La Secretar\u00eda de Derechos Humanos, el Gobierno Aut\u00f3nomo Descentralizado de Portoviejo, el Consejo de la Judicatura y el Ministerio de Salud P\u00fablica organizaron un foro sobre sobre&nbsp; la \u201cLey Org\u00e1nica de Prevenci\u00f3n y Erradicaci\u00f3n de la Violencia Contra las Mujeres y Rutas de Atenci\u00f3n a Sobrevivientes\u201d,&nbsp; en el marco las Jornadas Libres de Violencia.<\/p>\n\n\n\n<p class=\"wp-block-paragraph\">Esta actividad se dio con el objetivo de socializar la Ley y los mecanismos para solicitar medidas administrativas de protecci\u00f3n inmediata, as\u00ed como entender el funcionamiento de las salas de primera acogida de los hospitales de Manab\u00ed y el manejo del sistema FEMICIDIOS.EC.<\/p>\n\n\n\n<p class=\"wp-block-paragraph\">En este foro que se desarroll\u00f3 en modalidad presencial y virtual, participaron aproximadamente 80 personas, representantes de las 22 instituciones que forman parte del Sistema Provincial Integral de Prevenci\u00f3n y Erradicaci\u00f3n de Violencia contra las Mujeres, estudiantes, y organizaciones de mujeres.<\/p>\n\n\n\n<p class=\"wp-block-paragraph\">Juan Carlos Pe\u00f1afiel, Coordinador de la Oficina T\u00e9cnica Zonal 4 de esta cartera de Estado se\u00f1al\u00f3 que: \u201cestos espacios de debate nos permiten fortalecer conocimientos entre los actores del Sistema y as\u00ed brindar un mejor servicio intersectorial a sobrevivientes de violencia, adem\u00e1s de difundir el rol de esta Instituci\u00f3n como rector del Sistema y su compromiso por&nbsp; generar espacios seguros y libres de violencia.\u201d<\/p>\n","protected":false},"excerpt":{"rendered":"<p class=\"excerpt\">Portoviejo, Ecuador.- La Secretar\u00eda de Derechos Humanos, el Gobierno Aut\u00f3nomo Descentralizado de Portoviejo, el Consejo de la Judicatura y el Ministerio de Salud P\u00fablica organizaron un foro sobre sobre&nbsp; la \u201cLey Org\u00e1nica de Prevenci\u00f3n y Erradicaci\u00f3n de la Violencia Contra las Mujeres y Rutas de Atenci\u00f3n a Sobrevivientes\u201d,&nbsp; en el marco las Jornadas Libres de Violencia. Esta actividad se dio&hellip; <a href=\"https:\/\/www.ministeriodegobierno.gob.ec\/derechoshumanos\/2021\/12\/02\/capacitacion-sobre-la-ley-organica-de-prevencion-y-erradicacion-de-la-violencia-contra-las-mujeres-y-rutas-de-atencion-a-sobrevivientes-se-desarrollo-en-portoviejo\/\">Read more &rarr;<\/a><\/p>\n","protected":false},"author":6,"featured_media":10973,"comment_status":"closed","ping_status":"closed","sticky":false,"template":"","format":"standard","meta":{"footnotes":""},"categories":[20,5,6],"tags":[],"class_list":["post-10972","post","type-post","status-publish","format-standard","has-post-thumbnail","hentry","category-boletin-de-prensa","category-noticias","category-noticias-destacadas","xfolkentry"],"_links":{"self":[{"href":"https:\/\/www.ministeriodegobierno.gob.ec\/derechoshumanos\/wp-json\/wp\/v2\/posts\/10972","targetHints":{"allow":["GET"]}}],"collection":[{"href":"https:\/\/www.ministeriodegobierno.gob.ec\/derechoshumanos\/wp-json\/wp\/v2\/posts"}],"about":[{"href":"https:\/\/www.ministeriodegobierno.gob.ec\/derechoshumanos\/wp-json\/wp\/v2\/types\/post"}],"author":[{"embeddable":true,"href":"https:\/\/www.ministeriodegobierno.gob.ec\/derechoshumanos\/wp-json\/wp\/v2\/users\/6"}],"replies":[{"embeddable":true,"href":"https:\/\/www.ministeriodegobierno.gob.ec\/derechoshumanos\/wp-json\/wp\/v2\/comments?post=10972"}],"version-history":[{"count":1,"href":"https:\/\/www.ministeriodegobierno.gob.ec\/derechoshumanos\/wp-json\/wp\/v2\/posts\/10972\/revisions"}],"predecessor-version":[{"id":10974,"href":"https:\/\/www.ministeriodegobierno.gob.ec\/derechoshumanos\/wp-json\/wp\/v2\/posts\/10972\/revisions\/10974"}],"wp:featuredmedia":[{"embeddable":true,"href":"https:\/\/www.ministeriodegobierno.gob.ec\/derechoshumanos\/wp-json\/wp\/v2\/media\/10973"}],"wp:attachment":[{"href":"https:\/\/www.ministeriodegobierno.gob.ec\/derechoshumanos\/wp-json\/wp\/v2\/media?parent=10972"}],"wp:term":[{"taxonomy":"category","embeddable":true,"href":"https:\/\/www.ministeriodegobierno.gob.ec\/derechoshumanos\/wp-json\/wp\/v2\/categories?post=10972"},{"taxonomy":"post_tag","embeddable":true,"href":"https:\/\/www.ministeriodegobierno.gob.ec\/derechoshumanos\/wp-json\/wp\/v2\/tags?post=10972"}],"curies":[{"name":"wp","href":"https:\/\/api.w.org\/{rel}","templated":true}]}}