{"id":11032,"date":"2021-12-10T16:21:24","date_gmt":"2021-12-10T21:21:24","guid":{"rendered":"https:\/\/www.derechoshumanos.gob.ec\/?p=11032"},"modified":"2021-12-10T16:23:55","modified_gmt":"2021-12-10T21:23:55","slug":"la-secretaria-de-derechos-humanos-lidero-mesa-de-trabajo-para-la-prevencion-de-la-violencia-hacia-las-mujeres-en-bolivar-manabi","status":"publish","type":"post","link":"https:\/\/www.ministeriodegobierno.gob.ec\/derechoshumanos\/2021\/12\/10\/la-secretaria-de-derechos-humanos-lidero-mesa-de-trabajo-para-la-prevencion-de-la-violencia-hacia-las-mujeres-en-bolivar-manabi\/","title":{"rendered":"La Secretar\u00eda de Derechos Humanos particip\u00f3 mesa de trabajo para la prevenci\u00f3n de la violencia hacia las mujeres en Bol\u00edvar- Manab\u00ed"},"content":{"rendered":"\n<p class=\"wp-block-paragraph\"><\/p>\n\n\n\n<p class=\"wp-block-paragraph\"><strong>Bol\u00edvar, Ecuador.-<\/strong> La Oficina T\u00e9cnica Zonal 4, de la Secretar\u00eda de Derechos Humanos particip\u00f3 en la mesa de trabajo para la prevenci\u00f3n de la violencia hacia las ni\u00f1as, adolescentes y mujeres, esta actividad fue organizada por el Consejo Cantonal de Protecci\u00f3n de Derechos, con el apoyo de la Fundaci\u00f3n Maquita y Manos Unidas.<\/p>\n\n\n\n<p class=\"wp-block-paragraph\"><br>Esta sesi\u00f3n tuvo como finalidad socializar las problem\u00e1ticas del cant\u00f3n para una articulaci\u00f3n interinstitucional que garantice la atenci\u00f3n integral a sobrevivientes de violencia, as\u00ed como el trabajo conjunto para generar pol\u00edticas p\u00fablicas enfocadas en la prevenci\u00f3n de la violencia.<\/p>\n\n\n\n<p class=\"wp-block-paragraph\"><br>En este sentido, trabajamos en cinco ejes principales que son: salud, educaci\u00f3n, producci\u00f3n, violencia y participaci\u00f3n, donde se socializaron nudos cr\u00edticos y estrategias que pueden ayudar para erradicar la violencia contra las mujeres.<\/p>\n\n\n\n<p class=\"wp-block-paragraph\">\u201cEstas mesas de trabajo nos permiten evidenciar las problem\u00e1ticas que existen en el Cant\u00f3n, y de esta manera comprometernos m\u00e1s para brindar un servicio oportuno, de calidad y con calidez\u201d, mencion\u00f3 Andy Garc\u00eda, Psic\u00f3logo Cl\u00ednico del Servicio de Protecci\u00f3n Integral.<\/p>\n\n\n\n<p class=\"wp-block-paragraph\"><br>Al respecto Juan Carlos Pe\u00f1afiel, Coordinador de la Oficina T\u00e9cnica 4, se\u00f1al\u00f3 que: \u201cesta mesa de trabajo representa el compromiso del Gobierno Aut\u00f3nomo Descentralizado el cant\u00f3n Bol\u00edvar y la Secretar\u00eda de Derechos Humanos en impulsar pol\u00edticas p\u00fablicas claras, precisas y que den respuesta a las necesidades de las ni\u00f1as y mujeres sobrevivientes de violencia\u201d.<\/p>\n","protected":false},"excerpt":{"rendered":"<p class=\"excerpt\">Bol\u00edvar, Ecuador.- La Oficina T\u00e9cnica Zonal 4, de la Secretar\u00eda de Derechos Humanos particip\u00f3 en la mesa de trabajo para la prevenci\u00f3n de la violencia hacia las ni\u00f1as, adolescentes y mujeres, esta actividad fue organizada por el Consejo Cantonal de Protecci\u00f3n de Derechos, con el apoyo de la Fundaci\u00f3n Maquita y Manos Unidas. Esta sesi\u00f3n tuvo como finalidad socializar las&hellip; <a href=\"https:\/\/www.ministeriodegobierno.gob.ec\/derechoshumanos\/2021\/12\/10\/la-secretaria-de-derechos-humanos-lidero-mesa-de-trabajo-para-la-prevencion-de-la-violencia-hacia-las-mujeres-en-bolivar-manabi\/\">Read more &rarr;<\/a><\/p>\n","protected":false},"author":6,"featured_media":11033,"comment_status":"closed","ping_status":"closed","sticky":false,"template":"","format":"standard","meta":{"footnotes":""},"categories":[20,5,6],"tags":[],"class_list":["post-11032","post","type-post","status-publish","format-standard","has-post-thumbnail","hentry","category-boletin-de-prensa","category-noticias","category-noticias-destacadas","xfolkentry"],"_links":{"self":[{"href":"https:\/\/www.ministeriodegobierno.gob.ec\/derechoshumanos\/wp-json\/wp\/v2\/posts\/11032","targetHints":{"allow":["GET"]}}],"collection":[{"href":"https:\/\/www.ministeriodegobierno.gob.ec\/derechoshumanos\/wp-json\/wp\/v2\/posts"}],"about":[{"href":"https:\/\/www.ministeriodegobierno.gob.ec\/derechoshumanos\/wp-json\/wp\/v2\/types\/post"}],"author":[{"embeddable":true,"href":"https:\/\/www.ministeriodegobierno.gob.ec\/derechoshumanos\/wp-json\/wp\/v2\/users\/6"}],"replies":[{"embeddable":true,"href":"https:\/\/www.ministeriodegobierno.gob.ec\/derechoshumanos\/wp-json\/wp\/v2\/comments?post=11032"}],"version-history":[{"count":2,"href":"https:\/\/www.ministeriodegobierno.gob.ec\/derechoshumanos\/wp-json\/wp\/v2\/posts\/11032\/revisions"}],"predecessor-version":[{"id":11035,"href":"https:\/\/www.ministeriodegobierno.gob.ec\/derechoshumanos\/wp-json\/wp\/v2\/posts\/11032\/revisions\/11035"}],"wp:featuredmedia":[{"embeddable":true,"href":"https:\/\/www.ministeriodegobierno.gob.ec\/derechoshumanos\/wp-json\/wp\/v2\/media\/11033"}],"wp:attachment":[{"href":"https:\/\/www.ministeriodegobierno.gob.ec\/derechoshumanos\/wp-json\/wp\/v2\/media?parent=11032"}],"wp:term":[{"taxonomy":"category","embeddable":true,"href":"https:\/\/www.ministeriodegobierno.gob.ec\/derechoshumanos\/wp-json\/wp\/v2\/categories?post=11032"},{"taxonomy":"post_tag","embeddable":true,"href":"https:\/\/www.ministeriodegobierno.gob.ec\/derechoshumanos\/wp-json\/wp\/v2\/tags?post=11032"}],"curies":[{"name":"wp","href":"https:\/\/api.w.org\/{rel}","templated":true}]}}