{"id":11039,"date":"2021-12-10T16:52:58","date_gmt":"2021-12-10T21:52:58","guid":{"rendered":"https:\/\/www.derechoshumanos.gob.ec\/?p=11039"},"modified":"2021-12-10T16:52:59","modified_gmt":"2021-12-10T21:52:59","slug":"en-los-rios-capacitamos-a-miembros-de-los-departamentos-de-consejeria-estudiantil","status":"publish","type":"post","link":"https:\/\/www.ministeriodegobierno.gob.ec\/derechoshumanos\/2021\/12\/10\/en-los-rios-capacitamos-a-miembros-de-los-departamentos-de-consejeria-estudiantil\/","title":{"rendered":"En Los R\u00edos capacitamos a miembros de los Departamentos de Consejer\u00eda Estudiantil"},"content":{"rendered":"\n<p class=\"wp-block-paragraph\"><\/p>\n\n\n\n<p class=\"wp-block-paragraph\"><strong>Babahoyo, Ecuador.- <\/strong>La Secretar\u00eda de Derechos Humanos, a trav\u00e9s de la Oficina T\u00e9cnica Zonal 5 capacit\u00f3 a miembros de los Departamentos de Consejer\u00eda Estudiantil (DECE) del Ministerio de Educaci\u00f3n de la provincia de los R\u00edos con la finalidad de prevenir hechos de violencia en el \u00e1mbito educativo y tambi\u00e9n conocer la ruta para el otorgamiento de medidas administrativas de protecci\u00f3n inmediata.<\/p>\n\n\n\n<p class=\"wp-block-paragraph\">En esta capacitaci\u00f3n se analiz\u00f3 la Ley Org\u00e1nica Integral para Prevenir y Erradicar la Violencia contra las Mujeres, as\u00ed como las denuncias ante situaciones discriminatorias o violentas, rutas y protocolos de atenci\u00f3n de la Violencia, entre otros, a fin de reforzar las acciones inmediatas y oportunas al momento de detectar casos de violencia en los \u00e1mbitos educativos e intrafamiliares.<\/p>\n\n\n\n<p class=\"wp-block-paragraph\">Los profesionales de los Departamentos de Consejer\u00eda Estudiantil reconocieron que luego de este taller se sienten motivados y con mayor compromiso de trabajo para la atenci\u00f3n a ni\u00f1as, ni\u00f1os y adolescentes pues cuentan con el conocimiento para la derivaci\u00f3n de casos y la respuesta oportuna ante hechos de violencia.<\/p>\n\n\n\n<p class=\"wp-block-paragraph\">En este marco, la Directora Zonal 5 de la Secretar\u00eda de Derechos Humanos, Aracely S\u00e1nchez Garc\u00eda mencion\u00f3 que &nbsp;\u201cel compromiso de los DECE en las instituciones educativas est\u00e1 enfocado en la consecuci\u00f3n de ambientes de paz y convivencia arm\u00f3nica en los planteles, adem\u00e1s, la defensa de los derechos de los estudiantes requiere de la participaci\u00f3n de la comunidad educativa y ciudadan\u00eda\u201d.<\/p>\n","protected":false},"excerpt":{"rendered":"<p class=\"excerpt\">Babahoyo, Ecuador.- La Secretar\u00eda de Derechos Humanos, a trav\u00e9s de la Oficina T\u00e9cnica Zonal 5 capacit\u00f3 a miembros de los Departamentos de Consejer\u00eda Estudiantil (DECE) del Ministerio de Educaci\u00f3n de la provincia de los R\u00edos con la finalidad de prevenir hechos de violencia en el \u00e1mbito educativo y tambi\u00e9n conocer la ruta para el otorgamiento de medidas administrativas de protecci\u00f3n&hellip; <a href=\"https:\/\/www.ministeriodegobierno.gob.ec\/derechoshumanos\/2021\/12\/10\/en-los-rios-capacitamos-a-miembros-de-los-departamentos-de-consejeria-estudiantil\/\">Read more &rarr;<\/a><\/p>\n","protected":false},"author":6,"featured_media":11040,"comment_status":"closed","ping_status":"closed","sticky":false,"template":"","format":"standard","meta":{"footnotes":""},"categories":[20,5,6],"tags":[],"class_list":["post-11039","post","type-post","status-publish","format-standard","has-post-thumbnail","hentry","category-boletin-de-prensa","category-noticias","category-noticias-destacadas","xfolkentry"],"_links":{"self":[{"href":"https:\/\/www.ministeriodegobierno.gob.ec\/derechoshumanos\/wp-json\/wp\/v2\/posts\/11039","targetHints":{"allow":["GET"]}}],"collection":[{"href":"https:\/\/www.ministeriodegobierno.gob.ec\/derechoshumanos\/wp-json\/wp\/v2\/posts"}],"about":[{"href":"https:\/\/www.ministeriodegobierno.gob.ec\/derechoshumanos\/wp-json\/wp\/v2\/types\/post"}],"author":[{"embeddable":true,"href":"https:\/\/www.ministeriodegobierno.gob.ec\/derechoshumanos\/wp-json\/wp\/v2\/users\/6"}],"replies":[{"embeddable":true,"href":"https:\/\/www.ministeriodegobierno.gob.ec\/derechoshumanos\/wp-json\/wp\/v2\/comments?post=11039"}],"version-history":[{"count":1,"href":"https:\/\/www.ministeriodegobierno.gob.ec\/derechoshumanos\/wp-json\/wp\/v2\/posts\/11039\/revisions"}],"predecessor-version":[{"id":11041,"href":"https:\/\/www.ministeriodegobierno.gob.ec\/derechoshumanos\/wp-json\/wp\/v2\/posts\/11039\/revisions\/11041"}],"wp:featuredmedia":[{"embeddable":true,"href":"https:\/\/www.ministeriodegobierno.gob.ec\/derechoshumanos\/wp-json\/wp\/v2\/media\/11040"}],"wp:attachment":[{"href":"https:\/\/www.ministeriodegobierno.gob.ec\/derechoshumanos\/wp-json\/wp\/v2\/media?parent=11039"}],"wp:term":[{"taxonomy":"category","embeddable":true,"href":"https:\/\/www.ministeriodegobierno.gob.ec\/derechoshumanos\/wp-json\/wp\/v2\/categories?post=11039"},{"taxonomy":"post_tag","embeddable":true,"href":"https:\/\/www.ministeriodegobierno.gob.ec\/derechoshumanos\/wp-json\/wp\/v2\/tags?post=11039"}],"curies":[{"name":"wp","href":"https:\/\/api.w.org\/{rel}","templated":true}]}}