{"id":11048,"date":"2021-12-21T16:33:00","date_gmt":"2021-12-21T21:33:00","guid":{"rendered":"https:\/\/www.derechoshumanos.gob.ec\/?p=11048"},"modified":"2021-12-27T10:43:24","modified_gmt":"2021-12-27T15:43:24","slug":"la-direccion-zonal-6-se-enfoca-en-la-prevencion-de-la-violencia-de-genero-a-traves-de-talleres-educativos","status":"publish","type":"post","link":"https:\/\/www.ministeriodegobierno.gob.ec\/derechoshumanos\/2021\/12\/21\/la-direccion-zonal-6-se-enfoca-en-la-prevencion-de-la-violencia-de-genero-a-traves-de-talleres-educativos\/","title":{"rendered":"La Direcci\u00f3n Zonal 6 se enfoca en la prevenci\u00f3n de la violencia de g\u00e9nero a trav\u00e9s de talleres educativos"},"content":{"rendered":"\n<p class=\"wp-block-paragraph\">La Direcci\u00f3n de la Zona 6 de la Secretaria de Derechos Humanos contin\u00faa con sus actividades en el marco de la prevenci\u00f3n, promoci\u00f3n y reconocimiento de los derechos de las ni\u00f1as, ni\u00f1os y mujeres. En este contexto, esta zonal desarroll\u00f3 varios talleres con temas sobre violencia de g\u00e9nero y prevenci\u00f3n de la violencia.<\/p>\n\n\n\n<p class=\"wp-block-paragraph\">Se realiz\u00f3 el taller de Nuevas Masculinidades en la Unidad Educativa Ambrosio Andrade del Cant\u00f3n Suscal, realizado por el Equipo T\u00e9cnico del Servicio de Protecci\u00f3n Integral Azogues. 90 estudiantes fueron los beneficiarios que participaron en esta capacitaci\u00f3n.<\/p>\n\n\n\n<p class=\"wp-block-paragraph\">Asimismo, se llevaron a cabo dos talleres m\u00e1s. El primero fue realizado en el Coliseo de Suc\u00faa por parte del Equipo T\u00e9cnico del Servicio de Protecci\u00f3n Integral de Macas y trat\u00f3 sobre \u201cEquidad de G\u00e9nero y C\u00edrculo de Violencia\u201d.<\/p>\n\n\n\n<p class=\"wp-block-paragraph\">El segundo taller se dio en la Unidad Educativa Ciudad de Gir\u00f3n gracias al trabajo del Equipo T\u00e9cnico del Servicio de Protecci\u00f3n Integral de Cuenca y cont\u00f3 con la participaci\u00f3n de los estudiantes del colegio antes mencionado. El evento fue sobre \u201cPrevenci\u00f3n en Violencia Intrafamiliar y Rutas de Atenci\u00f3n\u201d y tuvo como objetivo generar un espacio de discusi\u00f3n y conocimiento de posibles acciones a seguir en casos de violencia en el espacio privado.<\/p>\n\n\n\n<p class=\"wp-block-paragraph\">La Secretar\u00eda de Derechos Humanos, a trav\u00e9s de sus direcciones zonales, contin\u00faa planificando espacios de discusi\u00f3n y conocimiento de los servicios que ofrece para prevenci\u00f3n y atenci\u00f3n de casos de violencia de g\u00e9nero.<\/p>\n","protected":false},"excerpt":{"rendered":"<p class=\"excerpt\">La Direcci\u00f3n de la Zona 6 de la Secretaria de Derechos Humanos contin\u00faa con sus actividades en el marco de la prevenci\u00f3n, promoci\u00f3n y reconocimiento de los derechos de las ni\u00f1as, ni\u00f1os y mujeres. En este contexto, esta zonal desarroll\u00f3 varios talleres con temas sobre violencia de g\u00e9nero y prevenci\u00f3n de la violencia. Se realiz\u00f3 el taller de Nuevas Masculinidades&hellip; <a href=\"https:\/\/www.ministeriodegobierno.gob.ec\/derechoshumanos\/2021\/12\/21\/la-direccion-zonal-6-se-enfoca-en-la-prevencion-de-la-violencia-de-genero-a-traves-de-talleres-educativos\/\">Read more &rarr;<\/a><\/p>\n","protected":false},"author":10,"featured_media":11049,"comment_status":"closed","ping_status":"closed","sticky":false,"template":"","format":"standard","meta":{"footnotes":""},"categories":[20,19,5,6],"tags":[],"class_list":["post-11048","post","type-post","status-publish","format-standard","has-post-thumbnail","hentry","category-boletin-de-prensa","category-la-secretaria","category-noticias","category-noticias-destacadas","xfolkentry"],"_links":{"self":[{"href":"https:\/\/www.ministeriodegobierno.gob.ec\/derechoshumanos\/wp-json\/wp\/v2\/posts\/11048","targetHints":{"allow":["GET"]}}],"collection":[{"href":"https:\/\/www.ministeriodegobierno.gob.ec\/derechoshumanos\/wp-json\/wp\/v2\/posts"}],"about":[{"href":"https:\/\/www.ministeriodegobierno.gob.ec\/derechoshumanos\/wp-json\/wp\/v2\/types\/post"}],"author":[{"embeddable":true,"href":"https:\/\/www.ministeriodegobierno.gob.ec\/derechoshumanos\/wp-json\/wp\/v2\/users\/10"}],"replies":[{"embeddable":true,"href":"https:\/\/www.ministeriodegobierno.gob.ec\/derechoshumanos\/wp-json\/wp\/v2\/comments?post=11048"}],"version-history":[{"count":1,"href":"https:\/\/www.ministeriodegobierno.gob.ec\/derechoshumanos\/wp-json\/wp\/v2\/posts\/11048\/revisions"}],"predecessor-version":[{"id":11050,"href":"https:\/\/www.ministeriodegobierno.gob.ec\/derechoshumanos\/wp-json\/wp\/v2\/posts\/11048\/revisions\/11050"}],"wp:featuredmedia":[{"embeddable":true,"href":"https:\/\/www.ministeriodegobierno.gob.ec\/derechoshumanos\/wp-json\/wp\/v2\/media\/11049"}],"wp:attachment":[{"href":"https:\/\/www.ministeriodegobierno.gob.ec\/derechoshumanos\/wp-json\/wp\/v2\/media?parent=11048"}],"wp:term":[{"taxonomy":"category","embeddable":true,"href":"https:\/\/www.ministeriodegobierno.gob.ec\/derechoshumanos\/wp-json\/wp\/v2\/categories?post=11048"},{"taxonomy":"post_tag","embeddable":true,"href":"https:\/\/www.ministeriodegobierno.gob.ec\/derechoshumanos\/wp-json\/wp\/v2\/tags?post=11048"}],"curies":[{"name":"wp","href":"https:\/\/api.w.org\/{rel}","templated":true}]}}