{"id":11051,"date":"2021-12-23T16:04:01","date_gmt":"2021-12-23T21:04:01","guid":{"rendered":"https:\/\/www.derechoshumanos.gob.ec\/?p=11051"},"modified":"2021-12-27T10:41:11","modified_gmt":"2021-12-27T15:41:11","slug":"la-secretaria-de-derechos-humanos-brindo-atencion-psicosocial-a-personas-afectadas-por-socavon-en-zaruma","status":"publish","type":"post","link":"https:\/\/www.ministeriodegobierno.gob.ec\/derechoshumanos\/2021\/12\/23\/la-secretaria-de-derechos-humanos-brindo-atencion-psicosocial-a-personas-afectadas-por-socavon-en-zaruma\/","title":{"rendered":"La Secretar\u00eda De Derechos Humanos brind\u00f3 atenci\u00f3n psicosocial a personas afectadas por socav\u00f3n en Zaruma"},"content":{"rendered":"\n<p class=\"wp-block-paragraph\">La Secretar\u00eda de Derechos Humanos, a trav\u00e9s del Servicio de Protecci\u00f3n Integral de Machala, acompa\u00f1\u00f3, a partir del 16 de diciembre, con atenci\u00f3n psicosocial a las familias afectadas por el socav\u00f3n registrado la noche del 15 de diciembre en Zaruma, provincia de El Oro.<\/p>\n\n\n\n<p class=\"wp-block-paragraph\">Los profesionales de esta provincia, que conforman los equipos de atenci\u00f3n participaron en reuniones convocadas por el COE Cantonal en territorio en conjunto con la Cruz Roja ecuatoriana y el Ministerio de Salud, quienes proporcionaron atenci\u00f3n m\u00e9dica, contenci\u00f3n emocional y primeros auxilios psicol\u00f3gicos en los diferentes lugares en los que se encontraban las personas afectadas.<\/p>\n\n\n\n<p class=\"wp-block-paragraph\"><a><\/a>La coordinadora de Oficina T\u00e9cnica Zonal 7 de la Secretar\u00eda de Derechos Humanos, Sophia Cueva Mej\u00eda, destac\u00f3 la presencia en territorio de nuestros equipos de atenci\u00f3n, con la finalidad de garantizar la estabilidad emocional y bienestar social de todas las familias que han sido afectadas en el cant\u00f3n Zaruma. Adem\u00e1s, ratific\u00f3 que los equipos multidisciplinares seguir\u00e1n brindando apoyo en la zona.<\/p>\n","protected":false},"excerpt":{"rendered":"<p class=\"excerpt\">La Secretar\u00eda de Derechos Humanos, a trav\u00e9s del Servicio de Protecci\u00f3n Integral de Machala, acompa\u00f1\u00f3, a partir del 16 de diciembre, con atenci\u00f3n psicosocial a las familias afectadas por el socav\u00f3n registrado la noche del 15 de diciembre en Zaruma, provincia de El Oro. Los profesionales de esta provincia, que conforman los equipos de atenci\u00f3n participaron en reuniones convocadas por&hellip; <a href=\"https:\/\/www.ministeriodegobierno.gob.ec\/derechoshumanos\/2021\/12\/23\/la-secretaria-de-derechos-humanos-brindo-atencion-psicosocial-a-personas-afectadas-por-socavon-en-zaruma\/\">Read more &rarr;<\/a><\/p>\n","protected":false},"author":10,"featured_media":11052,"comment_status":"closed","ping_status":"closed","sticky":false,"template":"","format":"standard","meta":{"footnotes":""},"categories":[20,19,5,6],"tags":[],"class_list":["post-11051","post","type-post","status-publish","format-standard","has-post-thumbnail","hentry","category-boletin-de-prensa","category-la-secretaria","category-noticias","category-noticias-destacadas","xfolkentry"],"_links":{"self":[{"href":"https:\/\/www.ministeriodegobierno.gob.ec\/derechoshumanos\/wp-json\/wp\/v2\/posts\/11051","targetHints":{"allow":["GET"]}}],"collection":[{"href":"https:\/\/www.ministeriodegobierno.gob.ec\/derechoshumanos\/wp-json\/wp\/v2\/posts"}],"about":[{"href":"https:\/\/www.ministeriodegobierno.gob.ec\/derechoshumanos\/wp-json\/wp\/v2\/types\/post"}],"author":[{"embeddable":true,"href":"https:\/\/www.ministeriodegobierno.gob.ec\/derechoshumanos\/wp-json\/wp\/v2\/users\/10"}],"replies":[{"embeddable":true,"href":"https:\/\/www.ministeriodegobierno.gob.ec\/derechoshumanos\/wp-json\/wp\/v2\/comments?post=11051"}],"version-history":[{"count":1,"href":"https:\/\/www.ministeriodegobierno.gob.ec\/derechoshumanos\/wp-json\/wp\/v2\/posts\/11051\/revisions"}],"predecessor-version":[{"id":11053,"href":"https:\/\/www.ministeriodegobierno.gob.ec\/derechoshumanos\/wp-json\/wp\/v2\/posts\/11051\/revisions\/11053"}],"wp:featuredmedia":[{"embeddable":true,"href":"https:\/\/www.ministeriodegobierno.gob.ec\/derechoshumanos\/wp-json\/wp\/v2\/media\/11052"}],"wp:attachment":[{"href":"https:\/\/www.ministeriodegobierno.gob.ec\/derechoshumanos\/wp-json\/wp\/v2\/media?parent=11051"}],"wp:term":[{"taxonomy":"category","embeddable":true,"href":"https:\/\/www.ministeriodegobierno.gob.ec\/derechoshumanos\/wp-json\/wp\/v2\/categories?post=11051"},{"taxonomy":"post_tag","embeddable":true,"href":"https:\/\/www.ministeriodegobierno.gob.ec\/derechoshumanos\/wp-json\/wp\/v2\/tags?post=11051"}],"curies":[{"name":"wp","href":"https:\/\/api.w.org\/{rel}","templated":true}]}}