{"id":11055,"date":"2021-12-27T10:50:55","date_gmt":"2021-12-27T15:50:55","guid":{"rendered":"https:\/\/www.derechoshumanos.gob.ec\/?p=11055"},"modified":"2021-12-27T10:50:56","modified_gmt":"2021-12-27T15:50:56","slug":"la-secretaria-de-derechos-humanos-entrega-kits-de-gestion-menstrual-en-centro-de-rehabilitacion-de-riobamba","status":"publish","type":"post","link":"https:\/\/www.ministeriodegobierno.gob.ec\/derechoshumanos\/2021\/12\/27\/la-secretaria-de-derechos-humanos-entrega-kits-de-gestion-menstrual-en-centro-de-rehabilitacion-de-riobamba\/","title":{"rendered":"La Secretar\u00eda de Derechos Humanos entrega kits de gesti\u00f3n menstrual en Centro de Rehabilitaci\u00f3n de Riobamba"},"content":{"rendered":"\n<p class=\"wp-block-paragraph\">En el Centro de Rehabilitaci\u00f3n Social de Riobamba,&nbsp; 48 mujeres privadas de libertad recibieron kits de dignidad por parte de la Secretar\u00eda de Derechos Humanos, con la finalidad de brindar una adecuada gesti\u00f3n para su higiene menstrual.<\/p>\n\n\n\n<p class=\"wp-block-paragraph\">Posteriormente, se realiz\u00f3 un recorrido en el pabell\u00f3n de mujeres en compa\u00f1\u00eda del Director, Walter Arias, quien a trav\u00e9s de autogesti\u00f3n realiz\u00f3 el arreglo de la infraestructura del lugar, donde se evidencian condiciones adecuadas, organizaci\u00f3n y asepsia en las celdas, mejorando las condiciones de habitabilidad de las mujeres privadas de libertad que permanecen en esta unidad hasta que cumplan su sentencia.<\/p>\n\n\n\n<p class=\"wp-block-paragraph\">Adem\u00e1s, coordin\u00f3 por el mes de diciembre algunas actividades como: concurso de arreglo de puertas de las celdas, donde se estimula a elaborar manualidades con fomix y otros materiales; elaboraci\u00f3n del pesebre navide\u00f1o en el patio y de una maqueta de la ciudad de Riobamba donde est\u00e1n la Plaza de Toros, el Municipio, el CRS-Riobamba y otros lugares representativos de la ciudad.<\/p>\n\n\n\n<p class=\"wp-block-paragraph\">Asimismo, se gestion\u00f3 la participaci\u00f3n del coro navide\u00f1o para el desarrollo de habilidades y destrezas a fin de contribuir de forma positiva en su rehabilitaci\u00f3n y que sea una herramienta que beneficie para su reinserci\u00f3n en la sociedad.<\/p>\n","protected":false},"excerpt":{"rendered":"<p class=\"excerpt\">En el Centro de Rehabilitaci\u00f3n Social de Riobamba,&nbsp; 48 mujeres privadas de libertad recibieron kits de dignidad por parte de la Secretar\u00eda de Derechos Humanos, con la finalidad de brindar una adecuada gesti\u00f3n para su higiene menstrual. Posteriormente, se realiz\u00f3 un recorrido en el pabell\u00f3n de mujeres en compa\u00f1\u00eda del Director, Walter Arias, quien a trav\u00e9s de autogesti\u00f3n realiz\u00f3 el&hellip; <a href=\"https:\/\/www.ministeriodegobierno.gob.ec\/derechoshumanos\/2021\/12\/27\/la-secretaria-de-derechos-humanos-entrega-kits-de-gestion-menstrual-en-centro-de-rehabilitacion-de-riobamba\/\">Read more &rarr;<\/a><\/p>\n","protected":false},"author":6,"featured_media":11056,"comment_status":"closed","ping_status":"closed","sticky":false,"template":"","format":"standard","meta":{"footnotes":""},"categories":[20,5,6],"tags":[],"class_list":["post-11055","post","type-post","status-publish","format-standard","has-post-thumbnail","hentry","category-boletin-de-prensa","category-noticias","category-noticias-destacadas","xfolkentry"],"_links":{"self":[{"href":"https:\/\/www.ministeriodegobierno.gob.ec\/derechoshumanos\/wp-json\/wp\/v2\/posts\/11055","targetHints":{"allow":["GET"]}}],"collection":[{"href":"https:\/\/www.ministeriodegobierno.gob.ec\/derechoshumanos\/wp-json\/wp\/v2\/posts"}],"about":[{"href":"https:\/\/www.ministeriodegobierno.gob.ec\/derechoshumanos\/wp-json\/wp\/v2\/types\/post"}],"author":[{"embeddable":true,"href":"https:\/\/www.ministeriodegobierno.gob.ec\/derechoshumanos\/wp-json\/wp\/v2\/users\/6"}],"replies":[{"embeddable":true,"href":"https:\/\/www.ministeriodegobierno.gob.ec\/derechoshumanos\/wp-json\/wp\/v2\/comments?post=11055"}],"version-history":[{"count":1,"href":"https:\/\/www.ministeriodegobierno.gob.ec\/derechoshumanos\/wp-json\/wp\/v2\/posts\/11055\/revisions"}],"predecessor-version":[{"id":11057,"href":"https:\/\/www.ministeriodegobierno.gob.ec\/derechoshumanos\/wp-json\/wp\/v2\/posts\/11055\/revisions\/11057"}],"wp:featuredmedia":[{"embeddable":true,"href":"https:\/\/www.ministeriodegobierno.gob.ec\/derechoshumanos\/wp-json\/wp\/v2\/media\/11056"}],"wp:attachment":[{"href":"https:\/\/www.ministeriodegobierno.gob.ec\/derechoshumanos\/wp-json\/wp\/v2\/media?parent=11055"}],"wp:term":[{"taxonomy":"category","embeddable":true,"href":"https:\/\/www.ministeriodegobierno.gob.ec\/derechoshumanos\/wp-json\/wp\/v2\/categories?post=11055"},{"taxonomy":"post_tag","embeddable":true,"href":"https:\/\/www.ministeriodegobierno.gob.ec\/derechoshumanos\/wp-json\/wp\/v2\/tags?post=11055"}],"curies":[{"name":"wp","href":"https:\/\/api.w.org\/{rel}","templated":true}]}}