{"id":11058,"date":"2021-12-28T12:39:21","date_gmt":"2021-12-28T17:39:21","guid":{"rendered":"https:\/\/www.derechoshumanos.gob.ec\/?p=11058"},"modified":"2021-12-28T12:40:02","modified_gmt":"2021-12-28T17:40:02","slug":"el-servicio-de-proteccion-integral-brindo-atencion-psicosocial-a-nna-que-estuvo-desasparecida-en-huaquillas","status":"publish","type":"post","link":"https:\/\/www.ministeriodegobierno.gob.ec\/derechoshumanos\/2021\/12\/28\/el-servicio-de-proteccion-integral-brindo-atencion-psicosocial-a-nna-que-estuvo-desasparecida-en-huaquillas\/","title":{"rendered":"EL SERVICIO DE PROTECCI\u00d3N INTEGRAL  BRIND\u00d3 ATENCI\u00d3N PSICOSOCIAL A NNA QUE ESTUVO DESAPARECIDA EN HUAQUILLAS"},"content":{"rendered":"\n<p class=\"wp-block-paragraph\"><\/p>\n\n\n\n<p class=\"wp-block-paragraph\">La Secretar\u00eda de Derechos Humanos a trav\u00e9s del Servicio de Protecci\u00f3n Integral, brind\u00f3 atenci\u00f3n psicosocial de manera telem\u00e1tica a familiares de NNA, quien se encontraba desaparecida desde el domingo 26 de diciembre de 2021 y fue localizada en la ciudad de Cuenca en el parque Calder\u00f3n.<\/p>\n\n\n\n<p class=\"wp-block-paragraph\">Profesionales de esta entidad coordinaron acciones con Polic\u00eda Nacional y la \u00a0Fiscal\u00eda General del Estado, para\u00a0 brindar atenci\u00f3n inmediata a los familiares, con la finalidad de activar los protocolos correspondientes e iniciar cona b\u00fasqueda.<\/p>\n\n\n\n<p class=\"wp-block-paragraph\">De la misma manera se articul\u00f3 acciones con el equipo del Servicio de Protecci\u00f3n de Cuenca, con el fin de brindar acompa\u00f1amiento y contenci\u00f3n emocional &nbsp;el reencuentro con su madre y familia quienes viajaron hasta el lugar donde fue localizada la NNA.<\/p>\n\n\n\n<p class=\"wp-block-paragraph\">Sophia Cueva Mej\u00eda, coordinadora de la Oficina T\u00e9cnica 7, mencion\u00f3 \u201cnos encontramos activos&nbsp; para salvaguardar la integridad total de los ni\u00f1os, ni\u00f1as y adolescentes, sobre todo para prevenir cualquier hecho de violencia al que puedan estar expuestos\u201d.<\/p>\n\n\n\n<p class=\"wp-block-paragraph\">Cabe indicar que la madre de la NNA realiz\u00f3 la denuncia en la Fiscal\u00eda de turno, en la ciudad de Huaquillas y la menor recibi\u00f3 atenci\u00f3n de esa instituci\u00f3n por parte de los peritos.<\/p>\n","protected":false},"excerpt":{"rendered":"<p class=\"excerpt\">La Secretar\u00eda de Derechos Humanos a trav\u00e9s del Servicio de Protecci\u00f3n Integral, brind\u00f3 atenci\u00f3n psicosocial de manera telem\u00e1tica a familiares de NNA, quien se encontraba desaparecida desde el domingo 26 de diciembre de 2021 y fue localizada en la ciudad de Cuenca en el parque Calder\u00f3n. Profesionales de esta entidad coordinaron acciones con Polic\u00eda Nacional y la \u00a0Fiscal\u00eda General del&hellip; <a href=\"https:\/\/www.ministeriodegobierno.gob.ec\/derechoshumanos\/2021\/12\/28\/el-servicio-de-proteccion-integral-brindo-atencion-psicosocial-a-nna-que-estuvo-desasparecida-en-huaquillas\/\">Read more &rarr;<\/a><\/p>\n","protected":false},"author":6,"featured_media":11060,"comment_status":"closed","ping_status":"closed","sticky":false,"template":"","format":"standard","meta":{"footnotes":""},"categories":[20,5,6],"tags":[],"class_list":["post-11058","post","type-post","status-publish","format-standard","has-post-thumbnail","hentry","category-boletin-de-prensa","category-noticias","category-noticias-destacadas","xfolkentry"],"_links":{"self":[{"href":"https:\/\/www.ministeriodegobierno.gob.ec\/derechoshumanos\/wp-json\/wp\/v2\/posts\/11058","targetHints":{"allow":["GET"]}}],"collection":[{"href":"https:\/\/www.ministeriodegobierno.gob.ec\/derechoshumanos\/wp-json\/wp\/v2\/posts"}],"about":[{"href":"https:\/\/www.ministeriodegobierno.gob.ec\/derechoshumanos\/wp-json\/wp\/v2\/types\/post"}],"author":[{"embeddable":true,"href":"https:\/\/www.ministeriodegobierno.gob.ec\/derechoshumanos\/wp-json\/wp\/v2\/users\/6"}],"replies":[{"embeddable":true,"href":"https:\/\/www.ministeriodegobierno.gob.ec\/derechoshumanos\/wp-json\/wp\/v2\/comments?post=11058"}],"version-history":[{"count":3,"href":"https:\/\/www.ministeriodegobierno.gob.ec\/derechoshumanos\/wp-json\/wp\/v2\/posts\/11058\/revisions"}],"predecessor-version":[{"id":11063,"href":"https:\/\/www.ministeriodegobierno.gob.ec\/derechoshumanos\/wp-json\/wp\/v2\/posts\/11058\/revisions\/11063"}],"wp:featuredmedia":[{"embeddable":true,"href":"https:\/\/www.ministeriodegobierno.gob.ec\/derechoshumanos\/wp-json\/wp\/v2\/media\/11060"}],"wp:attachment":[{"href":"https:\/\/www.ministeriodegobierno.gob.ec\/derechoshumanos\/wp-json\/wp\/v2\/media?parent=11058"}],"wp:term":[{"taxonomy":"category","embeddable":true,"href":"https:\/\/www.ministeriodegobierno.gob.ec\/derechoshumanos\/wp-json\/wp\/v2\/categories?post=11058"},{"taxonomy":"post_tag","embeddable":true,"href":"https:\/\/www.ministeriodegobierno.gob.ec\/derechoshumanos\/wp-json\/wp\/v2\/tags?post=11058"}],"curies":[{"name":"wp","href":"https:\/\/api.w.org\/{rel}","templated":true}]}}