{"id":11070,"date":"2022-01-03T12:46:22","date_gmt":"2022-01-03T17:46:22","guid":{"rendered":"https:\/\/www.derechoshumanos.gob.ec\/?p=11070"},"modified":"2022-01-03T12:50:23","modified_gmt":"2022-01-03T17:50:23","slug":"la-secretaria-de-derechos-garantiza-para-este-2022-la-atencion-a-sobrevivientes-de-violencia","status":"publish","type":"post","link":"https:\/\/www.ministeriodegobierno.gob.ec\/derechoshumanos\/2022\/01\/03\/la-secretaria-de-derechos-garantiza-para-este-2022-la-atencion-a-sobrevivientes-de-violencia\/","title":{"rendered":"La Secretar\u00eda de Derechos garantiza para este 2022 la atenci\u00f3n a sobrevivientes de violencia"},"content":{"rendered":"\n<p class=\"wp-block-paragraph\"><strong>Quito, Ecuador. &#8211;<\/strong> Desde la Secretar\u00eda de Derechos Humanos informamos a la ciudadan\u00eda que se <strong>ha cumplido con el desembolso de los valores correspondientes a los <\/strong>convenios de Cooperaci\u00f3n T\u00e9cnica Financiera para fortalecer la atenci\u00f3n integral del a\u00f1o 2021 de Centros de Atenci\u00f3n Integral y Casas de Acogida.<\/p>\n\n\n\n<p class=\"wp-block-paragraph\"><a><\/a>La erradicaci\u00f3n de la violencia hacia ni\u00f1as y mujeres es nuestro mandato principal, por esto garantizamos el presupuesto 2022 para los convenios de fortalecimiento a Centros de Atenci\u00f3n Integral y Casas de Acogida. Hemos comunicado de forma verbal y escrita a las organizaciones sociales que contamos con el presupuesto para la transferencia de recursos correspondientes a los meses de enero, febrero y marzo. A la par <strong>socializaremos las reformas al Reglamento y Modelo de Atenci\u00f3n y, posterior a ello, realizaremos una convocatoria abierta para que todos los Centros de Atenci\u00f3n Integral y Casas de Acogida puedan presentar sus propuestas.<\/strong><\/p>\n\n\n\n<p class=\"wp-block-paragraph\"><strong>El presupuesto para los convenios este 2022 supera los $ 2 millones de d\u00f3lares<\/strong>, mismo que ser\u00e1 entregado bajo criterios t\u00e9cnicos a las organizaciones civiles con experiencia en atenci\u00f3n y acogimiento a mujeres sobrevivientes de violencia.<\/p>\n\n\n\n<p class=\"wp-block-paragraph\"><a><\/a>Buscamos promover el acceso a los servicios de protecci\u00f3n especializados en todo el pa\u00eds, en especial a las provincias que, seg\u00fan an\u00e1lisis territoriales de nuestra Subsecretar\u00eda de Prevenci\u00f3n y Erradicaci\u00f3n de Violencia contra las Mujeres, Ni\u00f1as, Ni\u00f1os y Adolescentes, tienen mayor prevalencia de violencia.<\/p>\n\n\n\n<p class=\"wp-block-paragraph\">Asimismo, trabajamos en dos ejes principales: (1) Fortalecer la articulaci\u00f3n del Sistema Nacional Integral para Prevenir y Erradicar la Violencia contra las Mujeres a nivel nacional y local, y (2) Fortalecer el trabajo descentralizado articulado con los GAD\u00b4s, para generar acciones con pertinencia territorial, que contribuyan a la meta de Femicidio Cero en Ecuador.<\/p>\n\n\n\n<p class=\"wp-block-paragraph\">Ratificamos el compromiso con nuestro principal mandato que es la erradicaci\u00f3n de la violencia hacia las ni\u00f1as y mujeres del pa\u00eds, por esto, realizamos todas las gestiones para el incremento en el presupuesto para la prevenci\u00f3n de la violencia, que de 1,7 millones pas\u00f3 24 millones para este per\u00edodo.<\/p>\n","protected":false},"excerpt":{"rendered":"<p class=\"excerpt\">Quito, Ecuador. &#8211; Desde la Secretar\u00eda de Derechos Humanos informamos a la ciudadan\u00eda que se ha cumplido con el desembolso de los valores correspondientes a los convenios de Cooperaci\u00f3n T\u00e9cnica Financiera para fortalecer la atenci\u00f3n integral del a\u00f1o 2021 de Centros de Atenci\u00f3n Integral y Casas de Acogida. La erradicaci\u00f3n de la violencia hacia ni\u00f1as y mujeres es nuestro mandato&hellip; <a href=\"https:\/\/www.ministeriodegobierno.gob.ec\/derechoshumanos\/2022\/01\/03\/la-secretaria-de-derechos-garantiza-para-este-2022-la-atencion-a-sobrevivientes-de-violencia\/\">Read more &rarr;<\/a><\/p>\n","protected":false},"author":6,"featured_media":9958,"comment_status":"closed","ping_status":"closed","sticky":false,"template":"","format":"standard","meta":{"footnotes":""},"categories":[20,5,6],"tags":[],"class_list":["post-11070","post","type-post","status-publish","format-standard","has-post-thumbnail","hentry","category-boletin-de-prensa","category-noticias","category-noticias-destacadas","xfolkentry"],"_links":{"self":[{"href":"https:\/\/www.ministeriodegobierno.gob.ec\/derechoshumanos\/wp-json\/wp\/v2\/posts\/11070","targetHints":{"allow":["GET"]}}],"collection":[{"href":"https:\/\/www.ministeriodegobierno.gob.ec\/derechoshumanos\/wp-json\/wp\/v2\/posts"}],"about":[{"href":"https:\/\/www.ministeriodegobierno.gob.ec\/derechoshumanos\/wp-json\/wp\/v2\/types\/post"}],"author":[{"embeddable":true,"href":"https:\/\/www.ministeriodegobierno.gob.ec\/derechoshumanos\/wp-json\/wp\/v2\/users\/6"}],"replies":[{"embeddable":true,"href":"https:\/\/www.ministeriodegobierno.gob.ec\/derechoshumanos\/wp-json\/wp\/v2\/comments?post=11070"}],"version-history":[{"count":2,"href":"https:\/\/www.ministeriodegobierno.gob.ec\/derechoshumanos\/wp-json\/wp\/v2\/posts\/11070\/revisions"}],"predecessor-version":[{"id":11072,"href":"https:\/\/www.ministeriodegobierno.gob.ec\/derechoshumanos\/wp-json\/wp\/v2\/posts\/11070\/revisions\/11072"}],"wp:featuredmedia":[{"embeddable":true,"href":"https:\/\/www.ministeriodegobierno.gob.ec\/derechoshumanos\/wp-json\/wp\/v2\/media\/9958"}],"wp:attachment":[{"href":"https:\/\/www.ministeriodegobierno.gob.ec\/derechoshumanos\/wp-json\/wp\/v2\/media?parent=11070"}],"wp:term":[{"taxonomy":"category","embeddable":true,"href":"https:\/\/www.ministeriodegobierno.gob.ec\/derechoshumanos\/wp-json\/wp\/v2\/categories?post=11070"},{"taxonomy":"post_tag","embeddable":true,"href":"https:\/\/www.ministeriodegobierno.gob.ec\/derechoshumanos\/wp-json\/wp\/v2\/tags?post=11070"}],"curies":[{"name":"wp","href":"https:\/\/api.w.org\/{rel}","templated":true}]}}