{"id":11073,"date":"2021-12-30T13:14:00","date_gmt":"2021-12-30T18:14:00","guid":{"rendered":"https:\/\/www.derechoshumanos.gob.ec\/?p=11073"},"modified":"2022-01-05T13:15:13","modified_gmt":"2022-01-05T18:15:13","slug":"en-manta-participamos-en-la-mesa-tecnica-para-la-socializacion-y-seguimiento-de-acciones-articuladas-frente-a-un-caso-de-violencia","status":"publish","type":"post","link":"https:\/\/www.ministeriodegobierno.gob.ec\/derechoshumanos\/2021\/12\/30\/en-manta-participamos-en-la-mesa-tecnica-para-la-socializacion-y-seguimiento-de-acciones-articuladas-frente-a-un-caso-de-violencia\/","title":{"rendered":"En Manta participamos en la Mesa T\u00e9cnica para la socializaci\u00f3n y seguimiento de acciones articuladas frente a un caso de violencia"},"content":{"rendered":"\n<p class=\"wp-block-paragraph\"><\/p>\n\n\n\n<p class=\"wp-block-paragraph\"><strong>Manta, Ecuador.- <\/strong>La Secretar\u00eda de Derechos Humanos, mediante la Oficina T\u00e9cnica Zonal 4, particip\u00f3 en la Mesa T\u00e9cnica para lasocializaci\u00f3n y seguimiento de acciones articuladas frente a un caso de violencia que se registr\u00f3 en Manta, provincia de Manab\u00ed.<\/p>\n\n\n\n<p class=\"wp-block-paragraph\">Esta actividad se desarroll\u00f3 con el objetivo de coordinar acciones interinstitucionales para brindar atenci\u00f3n integral a una mujer y su hijo menor de edad, sobrevivientes de violencia.<\/p>\n\n\n\n<p class=\"wp-block-paragraph\">En este sentido se articul\u00f3 el acogimiento interinstitucional con laFundaci\u00f3n Santa Marta y se coordin\u00f3 la asignaci\u00f3n de una abogada patrocinadora, con la finalidad de brindar una adecuada orientaci\u00f3n legal para el proceso de repatriaci\u00f3n que solicita la sobreviviente de violencia hacia su pa\u00eds natal Colombia.<\/p>\n\n\n\n<p class=\"wp-block-paragraph\">Al respecto Juan Carlos Pe\u00f1afiel, Coordinador de la Oficina T\u00e9cnica Zonal 4 se\u00f1al\u00f3 \u201ccomo Secretaria de Derechos Humanos somos el ente articulador y de activaci\u00f3n del Ejecutivo Desconcentrado frente eventos de violencia contra la Mujer, en este sentido es fundamental participar de estos espacios que permiten una articulaci\u00f3n real y un trabajo eficiente y sincronizado para dar respuesta a los sobrevivientes de violencia basada en g\u00e9nero\u201d<\/p>\n","protected":false},"excerpt":{"rendered":"<p class=\"excerpt\">Manta, Ecuador.- La Secretar\u00eda de Derechos Humanos, mediante la Oficina T\u00e9cnica Zonal 4, particip\u00f3 en la Mesa T\u00e9cnica para lasocializaci\u00f3n y seguimiento de acciones articuladas frente a un caso de violencia que se registr\u00f3 en Manta, provincia de Manab\u00ed. Esta actividad se desarroll\u00f3 con el objetivo de coordinar acciones interinstitucionales para brindar atenci\u00f3n integral a una mujer y su hijo&hellip; <a href=\"https:\/\/www.ministeriodegobierno.gob.ec\/derechoshumanos\/2021\/12\/30\/en-manta-participamos-en-la-mesa-tecnica-para-la-socializacion-y-seguimiento-de-acciones-articuladas-frente-a-un-caso-de-violencia\/\">Read more &rarr;<\/a><\/p>\n","protected":false},"author":6,"featured_media":11074,"comment_status":"closed","ping_status":"closed","sticky":false,"template":"","format":"standard","meta":{"footnotes":""},"categories":[20,5,6],"tags":[],"class_list":["post-11073","post","type-post","status-publish","format-standard","has-post-thumbnail","hentry","category-boletin-de-prensa","category-noticias","category-noticias-destacadas","xfolkentry"],"_links":{"self":[{"href":"https:\/\/www.ministeriodegobierno.gob.ec\/derechoshumanos\/wp-json\/wp\/v2\/posts\/11073","targetHints":{"allow":["GET"]}}],"collection":[{"href":"https:\/\/www.ministeriodegobierno.gob.ec\/derechoshumanos\/wp-json\/wp\/v2\/posts"}],"about":[{"href":"https:\/\/www.ministeriodegobierno.gob.ec\/derechoshumanos\/wp-json\/wp\/v2\/types\/post"}],"author":[{"embeddable":true,"href":"https:\/\/www.ministeriodegobierno.gob.ec\/derechoshumanos\/wp-json\/wp\/v2\/users\/6"}],"replies":[{"embeddable":true,"href":"https:\/\/www.ministeriodegobierno.gob.ec\/derechoshumanos\/wp-json\/wp\/v2\/comments?post=11073"}],"version-history":[{"count":1,"href":"https:\/\/www.ministeriodegobierno.gob.ec\/derechoshumanos\/wp-json\/wp\/v2\/posts\/11073\/revisions"}],"predecessor-version":[{"id":11075,"href":"https:\/\/www.ministeriodegobierno.gob.ec\/derechoshumanos\/wp-json\/wp\/v2\/posts\/11073\/revisions\/11075"}],"wp:featuredmedia":[{"embeddable":true,"href":"https:\/\/www.ministeriodegobierno.gob.ec\/derechoshumanos\/wp-json\/wp\/v2\/media\/11074"}],"wp:attachment":[{"href":"https:\/\/www.ministeriodegobierno.gob.ec\/derechoshumanos\/wp-json\/wp\/v2\/media?parent=11073"}],"wp:term":[{"taxonomy":"category","embeddable":true,"href":"https:\/\/www.ministeriodegobierno.gob.ec\/derechoshumanos\/wp-json\/wp\/v2\/categories?post=11073"},{"taxonomy":"post_tag","embeddable":true,"href":"https:\/\/www.ministeriodegobierno.gob.ec\/derechoshumanos\/wp-json\/wp\/v2\/tags?post=11073"}],"curies":[{"name":"wp","href":"https:\/\/api.w.org\/{rel}","templated":true}]}}