{"id":11078,"date":"2022-01-06T15:54:16","date_gmt":"2022-01-06T20:54:16","guid":{"rendered":"https:\/\/www.derechoshumanos.gob.ec\/?p=11078"},"modified":"2022-01-06T16:03:39","modified_gmt":"2022-01-06T21:03:39","slug":"secretaria-de-derechos-humanos-asegura-presupuestos-2022-para-centros-de-atencion-integral-y-casas-de-acogida","status":"publish","type":"post","link":"https:\/\/www.ministeriodegobierno.gob.ec\/derechoshumanos\/2022\/01\/06\/secretaria-de-derechos-humanos-asegura-presupuestos-2022-para-centros-de-atencion-integral-y-casas-de-acogida\/","title":{"rendered":"Secretar\u00eda de Derechos Humanos asegura presupuesto 2022 para Centros de Atenci\u00f3n Integral y Casas de Acogida"},"content":{"rendered":"\n<p class=\"wp-block-paragraph\"><\/p>\n\n\n\n<p class=\"wp-block-paragraph\"><strong>Quito, Ecuador.-<\/strong> En un di\u00e1logo con medios de comunicaci\u00f3n, Bernarda Ord\u00f3\u00f1ez Moscoso, Secretaria de Derechos Humanos, dio a conocer la situaci\u00f3n actual con los Centros de Atenci\u00f3n Integral y Casas de Acogida. Adem\u00e1s inform\u00f3 que se trabaja a la par en tres procesos importantes:<\/p>\n\n\n\n<ul class=\"wp-block-list\"><li>Convenio temporal para garantizar el presupuesto para enero, febrero, marzo 2022 con las 21 organizaciones sociales que manten\u00edan convenios de fortalecimiento.<\/li><li>Lanzamiento de la convocatoria y socializaci\u00f3n de las reformas al Reglamento hasta el 31 de marzo 2022.<\/li><li>Proyectos SDH 2022 enfocados en prevenci\u00f3n, erradicaci\u00f3n y reparaci\u00f3n a sobrevivientes de violencia.<\/li><\/ul>\n\n\n\n<p class=\"wp-block-paragraph\">\u201cEl presupuesto del a\u00f1o 2022, desde enero hasta diciembre est\u00e1 garantizado para los convenios de fortalecimiento a Centros de Atenci\u00f3n Integral y Casas de Acogida\u201d, se\u00f1al\u00f3 la Secretaria.<\/p>\n\n\n\n<p class=\"wp-block-paragraph\">El presupuesto de $2,17 millones de d\u00f3lares, &nbsp;ser\u00e1 entregado bajo criterios t\u00e9cnicos a las organizaciones sociales con experiencia en atenci\u00f3n y acogimiento a mujeres sobrevivientes de violencia, por esta raz\u00f3n se realizar\u00e1 una convocatoria abierta para que todas las organizaciones que brinden este servicio presenten una propuesta que permita universalizar, optimizar y enfocar los recursos que son entregados a todos los Centros de Atenci\u00f3n Integral y Casas de Acogida.<\/p>\n\n\n\n<p class=\"wp-block-paragraph\">Es importante recalcar que en cumplimiento con el convenio 2021, se realizaron tres desembolsos. El primero en marzo de un valor de $1,80 millones d\u00f3lares, el segundo el 15 de octubre por $683 mil d\u00f3lares y el tercero en diciembre por $404.153,44 mil d\u00f3lares, mismo que corresponde a un compromiso adquirido por la Secretaria Bernarda Ord\u00f3\u00f1ez Moscoso, como pago de los meses de enero, febrero y marzo que por problemas administrativos en la anterior suscripci\u00f3n no contaba con la certificaci\u00f3n presupuestaria<\/p>\n\n\n\n<p class=\"wp-block-paragraph\">Para finalizar, nuestra m\u00e1xima autoridad indic\u00f3 que es la primera vez que un Gobierno Nacional aumenta el presupuesto para erradicar la violencia hacia ni\u00f1as y mujeres; y reconoci\u00f3 el trabajo invaluable e incansable que realizan los Centros de Atenci\u00f3n Integral y las Casas de Acogida.<\/p>\n","protected":false},"excerpt":{"rendered":"<p class=\"excerpt\">Quito, Ecuador.- En un di\u00e1logo con medios de comunicaci\u00f3n, Bernarda Ord\u00f3\u00f1ez Moscoso, Secretaria de Derechos Humanos, dio a conocer la situaci\u00f3n actual con los Centros de Atenci\u00f3n Integral y Casas de Acogida. Adem\u00e1s inform\u00f3 que se trabaja a la par en tres procesos importantes: Convenio temporal para garantizar el presupuesto para enero, febrero, marzo 2022 con las 21 organizaciones sociales&hellip; <a href=\"https:\/\/www.ministeriodegobierno.gob.ec\/derechoshumanos\/2022\/01\/06\/secretaria-de-derechos-humanos-asegura-presupuestos-2022-para-centros-de-atencion-integral-y-casas-de-acogida\/\">Read more &rarr;<\/a><\/p>\n","protected":false},"author":6,"featured_media":11079,"comment_status":"closed","ping_status":"closed","sticky":false,"template":"","format":"standard","meta":{"footnotes":""},"categories":[20,5,6],"tags":[],"class_list":["post-11078","post","type-post","status-publish","format-standard","has-post-thumbnail","hentry","category-boletin-de-prensa","category-noticias","category-noticias-destacadas","xfolkentry"],"_links":{"self":[{"href":"https:\/\/www.ministeriodegobierno.gob.ec\/derechoshumanos\/wp-json\/wp\/v2\/posts\/11078","targetHints":{"allow":["GET"]}}],"collection":[{"href":"https:\/\/www.ministeriodegobierno.gob.ec\/derechoshumanos\/wp-json\/wp\/v2\/posts"}],"about":[{"href":"https:\/\/www.ministeriodegobierno.gob.ec\/derechoshumanos\/wp-json\/wp\/v2\/types\/post"}],"author":[{"embeddable":true,"href":"https:\/\/www.ministeriodegobierno.gob.ec\/derechoshumanos\/wp-json\/wp\/v2\/users\/6"}],"replies":[{"embeddable":true,"href":"https:\/\/www.ministeriodegobierno.gob.ec\/derechoshumanos\/wp-json\/wp\/v2\/comments?post=11078"}],"version-history":[{"count":2,"href":"https:\/\/www.ministeriodegobierno.gob.ec\/derechoshumanos\/wp-json\/wp\/v2\/posts\/11078\/revisions"}],"predecessor-version":[{"id":11081,"href":"https:\/\/www.ministeriodegobierno.gob.ec\/derechoshumanos\/wp-json\/wp\/v2\/posts\/11078\/revisions\/11081"}],"wp:featuredmedia":[{"embeddable":true,"href":"https:\/\/www.ministeriodegobierno.gob.ec\/derechoshumanos\/wp-json\/wp\/v2\/media\/11079"}],"wp:attachment":[{"href":"https:\/\/www.ministeriodegobierno.gob.ec\/derechoshumanos\/wp-json\/wp\/v2\/media?parent=11078"}],"wp:term":[{"taxonomy":"category","embeddable":true,"href":"https:\/\/www.ministeriodegobierno.gob.ec\/derechoshumanos\/wp-json\/wp\/v2\/categories?post=11078"},{"taxonomy":"post_tag","embeddable":true,"href":"https:\/\/www.ministeriodegobierno.gob.ec\/derechoshumanos\/wp-json\/wp\/v2\/tags?post=11078"}],"curies":[{"name":"wp","href":"https:\/\/api.w.org\/{rel}","templated":true}]}}