{"id":11090,"date":"2022-01-10T15:11:45","date_gmt":"2022-01-10T20:11:45","guid":{"rendered":"https:\/\/www.derechoshumanos.gob.ec\/?p=11090"},"modified":"2022-01-10T15:11:46","modified_gmt":"2022-01-10T20:11:46","slug":"la-secretaria-de-derechos-humanos-entrego-kits-de-gestion-menstrual-en-los-centros-de-rehabilitacion-social-de-loja-y-zaruma","status":"publish","type":"post","link":"https:\/\/www.ministeriodegobierno.gob.ec\/derechoshumanos\/2022\/01\/10\/la-secretaria-de-derechos-humanos-entrego-kits-de-gestion-menstrual-en-los-centros-de-rehabilitacion-social-de-loja-y-zaruma\/","title":{"rendered":"LA SECRETAR\u00cdA DE DERECHOS HUMANOS ENTREG\u00d3 KITS DE GESTI\u00d3N MENSTRUAL EN LOS CENTROS DE REHABILITACI\u00d3N SOCIAL  DE LOJA y ZARUMA."},"content":{"rendered":"\n<p class=\"wp-block-paragraph\"><\/p>\n\n\n\n<p class=\"wp-block-paragraph\">La Secretar\u00eda de Derechos Humanos, a trav\u00e9s de la Oficina T\u00e9cnica Zonal 7, entreg\u00f3 &nbsp;kits de dignidad, con la finalidad de brindar una adecuada gesti\u00f3n para su higiene menstrual, a 70 mujeres privadas de libertad del Centro de Rehabilitaci\u00f3n Social de Loja, as\u00ed como a 44 mujeres del Centro de Privaci\u00f3n de Libertad Femenino Zaruma.<\/p>\n\n\n\n<p class=\"wp-block-paragraph\">En este marco, Bernarda Ord\u00f3\u00f1ez Moscoso, Secretaria de Derechos Humanos,&nbsp; con el apoyo del sector privado, gestion\u00f3 la donaci\u00f3n de kits para la gesti\u00f3n menstrual a nivel nacional, a fin de que sean entregados a mujeres privadas de la libertad,&nbsp; pues en el Ecuador, uno de los problemas m\u00e1s invisibilizados es la dificultad de acceder a productos de higiene menstrual.<\/p>\n\n\n\n<p class=\"wp-block-paragraph\">Sophia Cueva Mej\u00eda, coordinadora de la Oficina T\u00e9cnica 7, dijo \u201c en la Secretar\u00eda de Derechos Humanos buscamos equidad, justicia y respeto para todas las ni\u00f1as, adolescentes y mujeres; por lo que necesitamos como premisa la empat\u00eda, en esta Cartera de Estado, luchamos para que los derechos de todas prevalezcan\u201d.&nbsp;&nbsp;&nbsp;<\/p>\n","protected":false},"excerpt":{"rendered":"<p class=\"excerpt\">La Secretar\u00eda de Derechos Humanos, a trav\u00e9s de la Oficina T\u00e9cnica Zonal 7, entreg\u00f3 &nbsp;kits de dignidad, con la finalidad de brindar una adecuada gesti\u00f3n para su higiene menstrual, a 70 mujeres privadas de libertad del Centro de Rehabilitaci\u00f3n Social de Loja, as\u00ed como a 44 mujeres del Centro de Privaci\u00f3n de Libertad Femenino Zaruma. En este marco, Bernarda Ord\u00f3\u00f1ez&hellip; <a href=\"https:\/\/www.ministeriodegobierno.gob.ec\/derechoshumanos\/2022\/01\/10\/la-secretaria-de-derechos-humanos-entrego-kits-de-gestion-menstrual-en-los-centros-de-rehabilitacion-social-de-loja-y-zaruma\/\">Read more &rarr;<\/a><\/p>\n","protected":false},"author":6,"featured_media":11091,"comment_status":"closed","ping_status":"closed","sticky":false,"template":"","format":"standard","meta":{"footnotes":""},"categories":[20,5],"tags":[],"class_list":["post-11090","post","type-post","status-publish","format-standard","has-post-thumbnail","hentry","category-boletin-de-prensa","category-noticias","xfolkentry"],"_links":{"self":[{"href":"https:\/\/www.ministeriodegobierno.gob.ec\/derechoshumanos\/wp-json\/wp\/v2\/posts\/11090","targetHints":{"allow":["GET"]}}],"collection":[{"href":"https:\/\/www.ministeriodegobierno.gob.ec\/derechoshumanos\/wp-json\/wp\/v2\/posts"}],"about":[{"href":"https:\/\/www.ministeriodegobierno.gob.ec\/derechoshumanos\/wp-json\/wp\/v2\/types\/post"}],"author":[{"embeddable":true,"href":"https:\/\/www.ministeriodegobierno.gob.ec\/derechoshumanos\/wp-json\/wp\/v2\/users\/6"}],"replies":[{"embeddable":true,"href":"https:\/\/www.ministeriodegobierno.gob.ec\/derechoshumanos\/wp-json\/wp\/v2\/comments?post=11090"}],"version-history":[{"count":1,"href":"https:\/\/www.ministeriodegobierno.gob.ec\/derechoshumanos\/wp-json\/wp\/v2\/posts\/11090\/revisions"}],"predecessor-version":[{"id":11092,"href":"https:\/\/www.ministeriodegobierno.gob.ec\/derechoshumanos\/wp-json\/wp\/v2\/posts\/11090\/revisions\/11092"}],"wp:featuredmedia":[{"embeddable":true,"href":"https:\/\/www.ministeriodegobierno.gob.ec\/derechoshumanos\/wp-json\/wp\/v2\/media\/11091"}],"wp:attachment":[{"href":"https:\/\/www.ministeriodegobierno.gob.ec\/derechoshumanos\/wp-json\/wp\/v2\/media?parent=11090"}],"wp:term":[{"taxonomy":"category","embeddable":true,"href":"https:\/\/www.ministeriodegobierno.gob.ec\/derechoshumanos\/wp-json\/wp\/v2\/categories?post=11090"},{"taxonomy":"post_tag","embeddable":true,"href":"https:\/\/www.ministeriodegobierno.gob.ec\/derechoshumanos\/wp-json\/wp\/v2\/tags?post=11090"}],"curies":[{"name":"wp","href":"https:\/\/api.w.org\/{rel}","templated":true}]}}