{"id":11105,"date":"2022-01-11T00:00:44","date_gmt":"2022-01-11T05:00:44","guid":{"rendered":"https:\/\/www.derechoshumanos.gob.ec\/?p=11105"},"modified":"2022-01-21T18:57:25","modified_gmt":"2022-01-21T23:57:25","slug":"borrador-de-reformas-al-reglamento-de-procedimiento-de-seleccion-suscripcion-de-convenios-y-funcionamiento-de-centros-de-atencion-integral-y-casas-de-acogida-para-el-fortalecimiento-de-la-atencion-in","status":"publish","type":"post","link":"https:\/\/www.ministeriodegobierno.gob.ec\/derechoshumanos\/2022\/01\/11\/borrador-de-reformas-al-reglamento-de-procedimiento-de-seleccion-suscripcion-de-convenios-y-funcionamiento-de-centros-de-atencion-integral-y-casas-de-acogida-para-el-fortalecimiento-de-la-atencion-in\/","title":{"rendered":"Borrador de Reformas al Reglamento de procedimiento de selecci\u00f3n, suscripci\u00f3n de convenios y funcionamiento de Centros de Atenci\u00f3n Integral y Casas de Acogida para el fortalecimiento de la Atenci\u00f3n Integral a v\u00edctimas de violencia de g\u00e9nero en el Ecuador."},"content":{"rendered":"\n<p class=\"wp-block-paragraph\"><a href=\"https:\/\/www.ministeriodegobierno.gob.ec\/derechoshumanos\/wp-content\/uploads\/2022\/01\/PROYECTO-DE-REGLAMENTO-2021-CASAS-Y-CENTROS-REVISION-FINAL.pdf\">DESCARGA EL DOCUMENTO AQUI<\/a><\/p>\n\n\n\n<p class=\"wp-block-paragraph\"><\/p>\n\n\n\n<p class=\"wp-block-paragraph\"><\/p>\n\n\n\n<figure class=\"wp-block-image size-full is-resized\"><a href=\"https:\/\/www.ministeriodegobierno.gob.ec\/derechoshumanos\/wp-content\/uploads\/2022\/01\/WhatsApp-Image-2022-01-10-at-22.58.25-1.jpeg\"><img loading=\"lazy\" decoding=\"async\" src=\"https:\/\/www.ministeriodegobierno.gob.ec\/derechoshumanos\/wp-content\/uploads\/2022\/01\/WhatsApp-Image-2022-01-10-at-22.58.25-1.jpeg\" alt=\"\" class=\"wp-image-11106\" width=\"840\" height=\"147\" srcset=\"https:\/\/www.ministeriodegobierno.gob.ec\/derechoshumanos\/wp-content\/uploads\/sites\/2\/2022\/01\/WhatsApp-Image-2022-01-10-at-22.58.25-1.jpeg 800w, https:\/\/www.ministeriodegobierno.gob.ec\/derechoshumanos\/wp-content\/uploads\/sites\/2\/2022\/01\/WhatsApp-Image-2022-01-10-at-22.58.25-1-300x53.jpeg 300w, https:\/\/www.ministeriodegobierno.gob.ec\/derechoshumanos\/wp-content\/uploads\/sites\/2\/2022\/01\/WhatsApp-Image-2022-01-10-at-22.58.25-1-768x134.jpeg 768w\" sizes=\"auto, (max-width: 840px) 100vw, 840px\" \/><\/a><\/figure>\n","protected":false},"excerpt":{"rendered":"<p class=\"excerpt\">DESCARGA EL DOCUMENTO AQUI <a href=\"https:\/\/www.ministeriodegobierno.gob.ec\/derechoshumanos\/2022\/01\/11\/borrador-de-reformas-al-reglamento-de-procedimiento-de-seleccion-suscripcion-de-convenios-y-funcionamiento-de-centros-de-atencion-integral-y-casas-de-acogida-para-el-fortalecimiento-de-la-atencion-in\/\">Read more &rarr;<\/a><\/p>\n","protected":false},"author":10,"featured_media":11096,"comment_status":"closed","ping_status":"closed","sticky":false,"template":"","format":"standard","meta":{"footnotes":""},"categories":[20,5,6],"tags":[],"class_list":["post-11105","post","type-post","status-publish","format-standard","has-post-thumbnail","hentry","category-boletin-de-prensa","category-noticias","category-noticias-destacadas","xfolkentry"],"_links":{"self":[{"href":"https:\/\/www.ministeriodegobierno.gob.ec\/derechoshumanos\/wp-json\/wp\/v2\/posts\/11105","targetHints":{"allow":["GET"]}}],"collection":[{"href":"https:\/\/www.ministeriodegobierno.gob.ec\/derechoshumanos\/wp-json\/wp\/v2\/posts"}],"about":[{"href":"https:\/\/www.ministeriodegobierno.gob.ec\/derechoshumanos\/wp-json\/wp\/v2\/types\/post"}],"author":[{"embeddable":true,"href":"https:\/\/www.ministeriodegobierno.gob.ec\/derechoshumanos\/wp-json\/wp\/v2\/users\/10"}],"replies":[{"embeddable":true,"href":"https:\/\/www.ministeriodegobierno.gob.ec\/derechoshumanos\/wp-json\/wp\/v2\/comments?post=11105"}],"version-history":[{"count":4,"href":"https:\/\/www.ministeriodegobierno.gob.ec\/derechoshumanos\/wp-json\/wp\/v2\/posts\/11105\/revisions"}],"predecessor-version":[{"id":11318,"href":"https:\/\/www.ministeriodegobierno.gob.ec\/derechoshumanos\/wp-json\/wp\/v2\/posts\/11105\/revisions\/11318"}],"wp:featuredmedia":[{"embeddable":true,"href":"https:\/\/www.ministeriodegobierno.gob.ec\/derechoshumanos\/wp-json\/wp\/v2\/media\/11096"}],"wp:attachment":[{"href":"https:\/\/www.ministeriodegobierno.gob.ec\/derechoshumanos\/wp-json\/wp\/v2\/media?parent=11105"}],"wp:term":[{"taxonomy":"category","embeddable":true,"href":"https:\/\/www.ministeriodegobierno.gob.ec\/derechoshumanos\/wp-json\/wp\/v2\/categories?post=11105"},{"taxonomy":"post_tag","embeddable":true,"href":"https:\/\/www.ministeriodegobierno.gob.ec\/derechoshumanos\/wp-json\/wp\/v2\/tags?post=11105"}],"curies":[{"name":"wp","href":"https:\/\/api.w.org\/{rel}","templated":true}]}}