{"id":11286,"date":"2022-01-14T11:35:16","date_gmt":"2022-01-14T16:35:16","guid":{"rendered":"https:\/\/www.derechoshumanos.gob.ec\/?p=11286"},"modified":"2022-01-14T11:48:53","modified_gmt":"2022-01-14T16:48:53","slug":"el-directorio-del-organismo-tecnico-del-sistema-nacional-de-rehabilitacion-social-definio-el-plan-de-trabajo-para-el-ano-2022","status":"publish","type":"post","link":"https:\/\/www.ministeriodegobierno.gob.ec\/derechoshumanos\/2022\/01\/14\/el-directorio-del-organismo-tecnico-del-sistema-nacional-de-rehabilitacion-social-definio-el-plan-de-trabajo-para-el-ano-2022\/","title":{"rendered":"EL DIRECTORIO DEL ORGANISMO T\u00c9CNICO DEL SISTEMA NACIONAL DE REHABILITACI\u00d3N SOCIAL DEFINI\u00d3 EL PLAN DE TRABAJO PARA EL A\u00d1O 2022"},"content":{"rendered":"\n<p class=\"wp-block-paragraph\"><\/p>\n\n\n\n<p class=\"wp-block-paragraph\"><strong>Quito, Ecuador. \u2013<\/strong> Este 13 de enero se instal\u00f3 la Sesi\u00f3n Extraordinaria N\u00ba 4 del Directorio del Organismo T\u00e9cnico del Sistema Nacional de Rehabilitaci\u00f3n Social (SNRS); con el objetivo de trazar el plan de trabajo de este a\u00f1o y avanzar con los compromisos asumidos en la \u00faltima sesi\u00f3n; en esta ocasi\u00f3n debido a la situaci\u00f3n epidemiol\u00f3gica por el COVID-19, la reuni\u00f3n se desarroll\u00f3 de manera virtual.<\/p>\n\n\n\n<p class=\"wp-block-paragraph\">La Presidenta del Directorio del Organismo T\u00e9cnico del Sistema Nacional de Rehabilitaci\u00f3n Social, Bernarda Ord\u00f3\u00f1ez Moscoso se\u00f1al\u00f3 la importancia de continuar trabajando de manera conjunta en este 2022 para garantizar la elaboraci\u00f3n de la nueva pol\u00edtica p\u00fablica de Rehabilitaci\u00f3n Social con enfoque de Derechos Humanos, por esta raz\u00f3n de manera un\u00e1nime este Directorio se instal\u00f3 en sesi\u00f3n permanente.<\/p>\n\n\n\n<p class=\"wp-block-paragraph\">En la sesi\u00f3n, el Instituto Nacional de Estad\u00edstica y Censos (INEC) present\u00f3 el reporte del plan piloto para el Censo Penitenciario y la planificaci\u00f3n general para el desarrollo del mismo; adem\u00e1s, se cont\u00f3 con los aportes de la Direcci\u00f3n General de Registro Civil, Identificaci\u00f3n y Cedulaci\u00f3n; y del Servicio Nacional de Medicina Legal y Ciencias Forenses; este \u00faltimo, considerando los hechos ocurridos en el a\u00f1o 2021, que demand\u00f3 una presencia importante de la Polic\u00eda Nacional del Ecuador.<\/p>\n\n\n\n<p class=\"wp-block-paragraph\">Adem\u00e1s, se conoci\u00f3 el Plan de Contingencia para la vacunaci\u00f3n de refuerzo de Covid-19 para las personas privadas de libertad, que estar\u00e1 a cargo del Ministerio de Salud P\u00fablica en coordinaci\u00f3n con el Servicio Nacional de Atenci\u00f3n Integral para Personas Privadas de la Libertad y Adolescentes Infractores (SNAI).<\/p>\n\n\n\n<p class=\"wp-block-paragraph\"><a><\/a>El Sistema Nacional de Rehabilitaci\u00f3n Social, demanda la atenci\u00f3n permanente del Estado en conjunto, para garantizar los derechos de las personas privadas de libertad como grupo de atenci\u00f3n prioritaria, por lo que el Directorio del Organismo T\u00e9cnico del Sistema Nacional contin\u00faa trabajando en las pol\u00edticas p\u00fablicas del Sistema, adecuando las mismas a los est\u00e1ndares internacionales de Derechos Humanos.<\/p>\n","protected":false},"excerpt":{"rendered":"<p class=\"excerpt\">Quito, Ecuador. \u2013 Este 13 de enero se instal\u00f3 la Sesi\u00f3n Extraordinaria N\u00ba 4 del Directorio del Organismo T\u00e9cnico del Sistema Nacional de Rehabilitaci\u00f3n Social (SNRS); con el objetivo de trazar el plan de trabajo de este a\u00f1o y avanzar con los compromisos asumidos en la \u00faltima sesi\u00f3n; en esta ocasi\u00f3n debido a la situaci\u00f3n epidemiol\u00f3gica por el COVID-19, la&hellip; <a href=\"https:\/\/www.ministeriodegobierno.gob.ec\/derechoshumanos\/2022\/01\/14\/el-directorio-del-organismo-tecnico-del-sistema-nacional-de-rehabilitacion-social-definio-el-plan-de-trabajo-para-el-ano-2022\/\">Read more &rarr;<\/a><\/p>\n","protected":false},"author":6,"featured_media":11290,"comment_status":"closed","ping_status":"closed","sticky":false,"template":"","format":"standard","meta":{"footnotes":""},"categories":[20,5,6],"tags":[],"class_list":["post-11286","post","type-post","status-publish","format-standard","has-post-thumbnail","hentry","category-boletin-de-prensa","category-noticias","category-noticias-destacadas","xfolkentry"],"_links":{"self":[{"href":"https:\/\/www.ministeriodegobierno.gob.ec\/derechoshumanos\/wp-json\/wp\/v2\/posts\/11286","targetHints":{"allow":["GET"]}}],"collection":[{"href":"https:\/\/www.ministeriodegobierno.gob.ec\/derechoshumanos\/wp-json\/wp\/v2\/posts"}],"about":[{"href":"https:\/\/www.ministeriodegobierno.gob.ec\/derechoshumanos\/wp-json\/wp\/v2\/types\/post"}],"author":[{"embeddable":true,"href":"https:\/\/www.ministeriodegobierno.gob.ec\/derechoshumanos\/wp-json\/wp\/v2\/users\/6"}],"replies":[{"embeddable":true,"href":"https:\/\/www.ministeriodegobierno.gob.ec\/derechoshumanos\/wp-json\/wp\/v2\/comments?post=11286"}],"version-history":[{"count":2,"href":"https:\/\/www.ministeriodegobierno.gob.ec\/derechoshumanos\/wp-json\/wp\/v2\/posts\/11286\/revisions"}],"predecessor-version":[{"id":11289,"href":"https:\/\/www.ministeriodegobierno.gob.ec\/derechoshumanos\/wp-json\/wp\/v2\/posts\/11286\/revisions\/11289"}],"wp:featuredmedia":[{"embeddable":true,"href":"https:\/\/www.ministeriodegobierno.gob.ec\/derechoshumanos\/wp-json\/wp\/v2\/media\/11290"}],"wp:attachment":[{"href":"https:\/\/www.ministeriodegobierno.gob.ec\/derechoshumanos\/wp-json\/wp\/v2\/media?parent=11286"}],"wp:term":[{"taxonomy":"category","embeddable":true,"href":"https:\/\/www.ministeriodegobierno.gob.ec\/derechoshumanos\/wp-json\/wp\/v2\/categories?post=11286"},{"taxonomy":"post_tag","embeddable":true,"href":"https:\/\/www.ministeriodegobierno.gob.ec\/derechoshumanos\/wp-json\/wp\/v2\/tags?post=11286"}],"curies":[{"name":"wp","href":"https:\/\/api.w.org\/{rel}","templated":true}]}}