{"id":11291,"date":"2022-01-17T16:59:13","date_gmt":"2022-01-17T21:59:13","guid":{"rendered":"https:\/\/www.derechoshumanos.gob.ec\/?p=11291"},"modified":"2022-01-17T16:59:13","modified_gmt":"2022-01-17T21:59:13","slug":"la-secretaria-de-derechos-humanos-coordino-el-retorno-de-adolescente-sobreviviente-de-violencia-desde-peru","status":"publish","type":"post","link":"https:\/\/www.ministeriodegobierno.gob.ec\/derechoshumanos\/2022\/01\/17\/la-secretaria-de-derechos-humanos-coordino-el-retorno-de-adolescente-sobreviviente-de-violencia-desde-peru\/","title":{"rendered":"LA SECRETAR\u00cdA DE DERECHOS HUMANOS COORDIN\u00d3 EL RETORNO DE ADOLESCENTE SOBREVIVIENTE DE VIOLENCIA DESDE PER\u00da"},"content":{"rendered":"\n<p class=\"wp-block-paragraph\"><\/p>\n\n\n\n<p class=\"wp-block-paragraph\"><strong>Guayaquil, Ecuador. \u2013 <\/strong>La Secretar\u00eda de Derechos Humanos, &nbsp;coordin\u00f3 el retorno asistido de una NNA en estado de gestaci\u00f3n, sobreviviente de violencia f\u00edsica por parte de su conviviente, quien se encontraba en una casa de acogida en Lima, Per\u00fa.<\/p>\n\n\n\n<p class=\"wp-block-paragraph\">Una vez que se cumplieron las gestiones pertinentes entre personal de la Secretar\u00eda de Derechos Humanos, el Ministerio de Gobierno, y el Ministerio de Relaciones Exteriores y Movilidad Humana, para cumplir con el protocolo de entrega de la NNA a fin de evitar la revictimizaci\u00f3n; el pasado 10 de enero se la recibi\u00f3 en el Aeropuerto Internacional Jos\u00e9 Joaqu\u00edn de Olmedo de Guayaquil.<\/p>\n\n\n\n<p class=\"wp-block-paragraph\">El equipo de profesionales del Servicio de Protecci\u00f3n Integral de las zonas 5 y 8 realizaron el acompa\u00f1amiento social del caso, y estuvieron presentes junto a la madre de la NNA en el recibimiento; quienes brindaron apoyo psicol\u00f3gico y social para su trasladado a su lugar de residencia.<\/p>\n\n\n\n<p class=\"wp-block-paragraph\">\u201cDesde esta Cartera de Estado, d\u00eda a d\u00eda sumamos esfuerzos y articulamos acciones con diferentes instituciones p\u00fablicas, con la finalidad de garantizar los derechos de ni\u00f1os, ni\u00f1as, adolescentes y mujeres. Ratificamos nuestro compromiso inquebrantable de construir espacios libres de violencia\u201d, se\u00f1al\u00f3 Anezka Bello Espinoza, Directora de la zona 8 de la Secretar\u00eda.<\/p>\n","protected":false},"excerpt":{"rendered":"<p class=\"excerpt\">Guayaquil, Ecuador. \u2013 La Secretar\u00eda de Derechos Humanos, &nbsp;coordin\u00f3 el retorno asistido de una NNA en estado de gestaci\u00f3n, sobreviviente de violencia f\u00edsica por parte de su conviviente, quien se encontraba en una casa de acogida en Lima, Per\u00fa. Una vez que se cumplieron las gestiones pertinentes entre personal de la Secretar\u00eda de Derechos Humanos, el Ministerio de Gobierno, y&hellip; <a href=\"https:\/\/www.ministeriodegobierno.gob.ec\/derechoshumanos\/2022\/01\/17\/la-secretaria-de-derechos-humanos-coordino-el-retorno-de-adolescente-sobreviviente-de-violencia-desde-peru\/\">Read more &rarr;<\/a><\/p>\n","protected":false},"author":6,"featured_media":11292,"comment_status":"closed","ping_status":"closed","sticky":false,"template":"","format":"standard","meta":{"footnotes":""},"categories":[20,5,6],"tags":[],"class_list":["post-11291","post","type-post","status-publish","format-standard","has-post-thumbnail","hentry","category-boletin-de-prensa","category-noticias","category-noticias-destacadas","xfolkentry"],"_links":{"self":[{"href":"https:\/\/www.ministeriodegobierno.gob.ec\/derechoshumanos\/wp-json\/wp\/v2\/posts\/11291","targetHints":{"allow":["GET"]}}],"collection":[{"href":"https:\/\/www.ministeriodegobierno.gob.ec\/derechoshumanos\/wp-json\/wp\/v2\/posts"}],"about":[{"href":"https:\/\/www.ministeriodegobierno.gob.ec\/derechoshumanos\/wp-json\/wp\/v2\/types\/post"}],"author":[{"embeddable":true,"href":"https:\/\/www.ministeriodegobierno.gob.ec\/derechoshumanos\/wp-json\/wp\/v2\/users\/6"}],"replies":[{"embeddable":true,"href":"https:\/\/www.ministeriodegobierno.gob.ec\/derechoshumanos\/wp-json\/wp\/v2\/comments?post=11291"}],"version-history":[{"count":1,"href":"https:\/\/www.ministeriodegobierno.gob.ec\/derechoshumanos\/wp-json\/wp\/v2\/posts\/11291\/revisions"}],"predecessor-version":[{"id":11293,"href":"https:\/\/www.ministeriodegobierno.gob.ec\/derechoshumanos\/wp-json\/wp\/v2\/posts\/11291\/revisions\/11293"}],"wp:featuredmedia":[{"embeddable":true,"href":"https:\/\/www.ministeriodegobierno.gob.ec\/derechoshumanos\/wp-json\/wp\/v2\/media\/11292"}],"wp:attachment":[{"href":"https:\/\/www.ministeriodegobierno.gob.ec\/derechoshumanos\/wp-json\/wp\/v2\/media?parent=11291"}],"wp:term":[{"taxonomy":"category","embeddable":true,"href":"https:\/\/www.ministeriodegobierno.gob.ec\/derechoshumanos\/wp-json\/wp\/v2\/categories?post=11291"},{"taxonomy":"post_tag","embeddable":true,"href":"https:\/\/www.ministeriodegobierno.gob.ec\/derechoshumanos\/wp-json\/wp\/v2\/tags?post=11291"}],"curies":[{"name":"wp","href":"https:\/\/api.w.org\/{rel}","templated":true}]}}