{"id":11295,"date":"2022-01-18T18:08:52","date_gmt":"2022-01-18T23:08:52","guid":{"rendered":"https:\/\/www.derechoshumanos.gob.ec\/?p=11295"},"modified":"2022-01-18T18:08:52","modified_gmt":"2022-01-18T23:08:52","slug":"en-loja-el-servicio-de-proteccion-integral-brindo-atencion-psicosocial-a-mujer-sobreviviente-de-violencia-fisica-y-psicologica","status":"publish","type":"post","link":"https:\/\/www.ministeriodegobierno.gob.ec\/derechoshumanos\/2022\/01\/18\/en-loja-el-servicio-de-proteccion-integral-brindo-atencion-psicosocial-a-mujer-sobreviviente-de-violencia-fisica-y-psicologica\/","title":{"rendered":"EN LOJA EL SERVICIO DE PROTECCI\u00d3N INTEGRAL BRIND\u00d3 ATENCI\u00d3N PSICOSOCIAL A MUJER SOBREVIVIENTE DE VIOLENCIA F\u00cdSICA Y PSICOL\u00d3GICA"},"content":{"rendered":"\n<p class=\"wp-block-paragraph\"><\/p>\n\n\n\n<p class=\"wp-block-paragraph\"><strong>Loja, Ecuador. \u2013 <\/strong>La Secretar\u00eda de Derechos Humanos a trav\u00e9s del Servicio de Protecci\u00f3n Integral (SPI) brind\u00f3 atenci\u00f3n psicol\u00f3gica y social a una mujer sobreviviente de violencia f\u00edsica y psicol\u00f3gica dentro del \u00e1mbito intrafamiliar; hecho suscitado en la parroquia Vilcabamba del cant\u00f3n Loja.<\/p>\n\n\n\n<p class=\"wp-block-paragraph\">El equipo de profesionales del SPI realiz\u00f3 el abordaje t\u00e9cnico integral, verificando las condiciones socioecon\u00f3micas de la mujer quien mantiene boleta de auxilio; tambi\u00e9n se dio seguimiento a las medidas de protecci\u00f3n dispuestas por la Junta Cantonal de Protecci\u00f3n de Derechos. Se conoci\u00f3 adem\u00e1s que el agresor fue debidamente notificado por la Polic\u00eda Comunitaria.<\/p>\n\n\n\n<p class=\"wp-block-paragraph\">Durante el acompa\u00f1amiento, el equipo evidencio que la mujer sobreviviente de violencia cuenta con una buena red de apoyo familiar; ya que sus hijos se mantienen en contacto permanente a fin de garantizar su cuidado y protecci\u00f3n considerando que tiene 64 a\u00f1os de edad. Actualmente, la mujer se encuentra en condici\u00f3n estable y por los hechos de violencia suscitados se continuar\u00e1 con el proceso terap\u00e9utico.<\/p>\n\n\n\n<p class=\"wp-block-paragraph\">Sophia Cueva Mej\u00eda, coordinadora de la Oficina T\u00e9cnica en la Zona 7 indic\u00f3 que la Secretar\u00eda de Derechos Humanos como ente rector de la Erradicaci\u00f3n de la Violencia contra la Mujer, brind\u00f3 atenci\u00f3n a la sobreviviente de violencia considerando su inter\u00e9s superior, \u201cNuestra labor se encuentra encaminada a resguardar y precautelar los derechos y velar por la integridad f\u00edsica, psicol\u00f3gica y sexual de las v\u00edctimas directas e indirectas de violencia basada en g\u00e9nero\u201d, se\u00f1al\u00f3.<\/p>\n","protected":false},"excerpt":{"rendered":"<p class=\"excerpt\">Loja, Ecuador. \u2013 La Secretar\u00eda de Derechos Humanos a trav\u00e9s del Servicio de Protecci\u00f3n Integral (SPI) brind\u00f3 atenci\u00f3n psicol\u00f3gica y social a una mujer sobreviviente de violencia f\u00edsica y psicol\u00f3gica dentro del \u00e1mbito intrafamiliar; hecho suscitado en la parroquia Vilcabamba del cant\u00f3n Loja. El equipo de profesionales del SPI realiz\u00f3 el abordaje t\u00e9cnico integral, verificando las condiciones socioecon\u00f3micas de la&hellip; <a href=\"https:\/\/www.ministeriodegobierno.gob.ec\/derechoshumanos\/2022\/01\/18\/en-loja-el-servicio-de-proteccion-integral-brindo-atencion-psicosocial-a-mujer-sobreviviente-de-violencia-fisica-y-psicologica\/\">Read more &rarr;<\/a><\/p>\n","protected":false},"author":6,"featured_media":11296,"comment_status":"closed","ping_status":"closed","sticky":false,"template":"","format":"standard","meta":{"footnotes":""},"categories":[20,5,6],"tags":[],"class_list":["post-11295","post","type-post","status-publish","format-standard","has-post-thumbnail","hentry","category-boletin-de-prensa","category-noticias","category-noticias-destacadas","xfolkentry"],"_links":{"self":[{"href":"https:\/\/www.ministeriodegobierno.gob.ec\/derechoshumanos\/wp-json\/wp\/v2\/posts\/11295","targetHints":{"allow":["GET"]}}],"collection":[{"href":"https:\/\/www.ministeriodegobierno.gob.ec\/derechoshumanos\/wp-json\/wp\/v2\/posts"}],"about":[{"href":"https:\/\/www.ministeriodegobierno.gob.ec\/derechoshumanos\/wp-json\/wp\/v2\/types\/post"}],"author":[{"embeddable":true,"href":"https:\/\/www.ministeriodegobierno.gob.ec\/derechoshumanos\/wp-json\/wp\/v2\/users\/6"}],"replies":[{"embeddable":true,"href":"https:\/\/www.ministeriodegobierno.gob.ec\/derechoshumanos\/wp-json\/wp\/v2\/comments?post=11295"}],"version-history":[{"count":1,"href":"https:\/\/www.ministeriodegobierno.gob.ec\/derechoshumanos\/wp-json\/wp\/v2\/posts\/11295\/revisions"}],"predecessor-version":[{"id":11297,"href":"https:\/\/www.ministeriodegobierno.gob.ec\/derechoshumanos\/wp-json\/wp\/v2\/posts\/11295\/revisions\/11297"}],"wp:featuredmedia":[{"embeddable":true,"href":"https:\/\/www.ministeriodegobierno.gob.ec\/derechoshumanos\/wp-json\/wp\/v2\/media\/11296"}],"wp:attachment":[{"href":"https:\/\/www.ministeriodegobierno.gob.ec\/derechoshumanos\/wp-json\/wp\/v2\/media?parent=11295"}],"wp:term":[{"taxonomy":"category","embeddable":true,"href":"https:\/\/www.ministeriodegobierno.gob.ec\/derechoshumanos\/wp-json\/wp\/v2\/categories?post=11295"},{"taxonomy":"post_tag","embeddable":true,"href":"https:\/\/www.ministeriodegobierno.gob.ec\/derechoshumanos\/wp-json\/wp\/v2\/tags?post=11295"}],"curies":[{"name":"wp","href":"https:\/\/api.w.org\/{rel}","templated":true}]}}