{"id":11315,"date":"2022-01-21T18:10:27","date_gmt":"2022-01-21T23:10:27","guid":{"rendered":"https:\/\/www.derechoshumanos.gob.ec\/?p=11315"},"modified":"2022-01-21T18:10:57","modified_gmt":"2022-01-21T23:10:57","slug":"la-secretaria-de-derechos-humanos-participo-en-la-comision-de-prevencion-atencion-y-proteccion-a-mujeres-en-situacion-de-violencia-en-cuenca","status":"publish","type":"post","link":"https:\/\/www.ministeriodegobierno.gob.ec\/derechoshumanos\/2022\/01\/21\/la-secretaria-de-derechos-humanos-participo-en-la-comision-de-prevencion-atencion-y-proteccion-a-mujeres-en-situacion-de-violencia-en-cuenca\/","title":{"rendered":"LA SECRETAR\u00cdA DE DERECHOS HUMANOS PARTICIP\u00d3 EN LA COMISI\u00d3N DE PREVENCI\u00d3N, ATENCI\u00d3N Y PROTECCI\u00d3N A MUJERES EN SITUACI\u00d3N DE VIOLENCIA EN CUENCA"},"content":{"rendered":"\n<p class=\"wp-block-paragraph\"><\/p>\n\n\n\n<p class=\"wp-block-paragraph\"><strong>Cuenca<\/strong><strong>, Ecuador. \u2013<\/strong><strong>&nbsp;<\/strong>La Secretar\u00eda de Derechos Humanos&nbsp;(SDH)&nbsp;particip\u00f3 en la&nbsp;Comisi\u00f3n dePrevenci\u00f3n, Atenci\u00f3n y Protecci\u00f3n&nbsp;a Mujeres en&nbsp;Situaci\u00f3n&nbsp;de Violencia&nbsp;de la Mesa Cantonal&nbsp;para la Erradicaci\u00f3n de la Violencia de G\u00e9nero en Cuenca,con el objetivo de socializar el presupuesto para el a\u00f1o 2022 que garantiza los recursos para la atenci\u00f3n de sobrevivientes de violencia a trav\u00e9s dela suscripci\u00f3n de&nbsp;convenios espec\u00edficos de transferencia de&nbsp;fondos&nbsp;p\u00fablicos.&nbsp;La reuni\u00f3n se desarroll\u00f3 de manera virtual debido&nbsp;a la situaci\u00f3n epidemiol\u00f3gica por el COVID-19.<\/p>\n\n\n\n<p class=\"wp-block-paragraph\">En la&nbsp;reuni\u00f3n,&nbsp;la Dra.&nbsp;Esperanza Neira,&nbsp;Directora de&nbsp;Zonal&nbsp;6 de la SDH,&nbsp;a nombre de la&nbsp;Secretaria de Derechos Humanos, Bernarda Ord\u00f3\u00f1ez Moscoso,&nbsp;ratific\u00f3 el compromiso para trabajar por las mujeres&nbsp;e indic\u00f3 que los altos \u00edndices de violencia contra las mujeres han generado una&nbsp;oportuna&nbsp;respuesta del&nbsp;Estado, a trav\u00e9s de&nbsp;la emisi\u00f3n de&nbsp;nueva&nbsp;normativa&nbsp;institucional; as\u00ed como,&nbsp;de pol\u00edtica p\u00fablica,&nbsp;con la implementaci\u00f3n del Plan Nacional para la Prevenci\u00f3n de la Violencia contra las Mujeres, Ni\u00f1as, Ni\u00f1os y Adolescentes; que busca alcanzar el&nbsp;Femicidio&nbsp;Cero y&nbsp;el fortalecimiento de la&nbsp;Econom\u00eda&nbsp;Violeta.<\/p>\n\n\n\n<p class=\"wp-block-paragraph\">\u201c<em>El Gobierno del&nbsp;<\/em><em>P<\/em><em>residente Guillermo Lasso, ha asegurado los recursos presupuestarios, en una magnitud tal, como ning\u00fan gobierno hab\u00eda entregado&nbsp;<\/em><em>antes&nbsp;<\/em><em>para abordar esta problem\u00e1tica<\/em><em>;<\/em><em>se ha incrementado el presupuesto de inversi\u00f3n para&nbsp;<\/em><em>prevenci\u00f3n<\/em><em>&nbsp;de la violencia hacia las mujeres de $1,7 millones a un presupuesto planificado de&nbsp;<\/em><em>$24 millones para el per\u00ed<\/em><em>odo 2022-2025; lo que<\/em><em><\/em><em>debe<\/em><em>r\u00e1 complementarse con el presupuesto que se debe asignar por los GAD &nbsp;a nivel local como determina la ley<\/em>\u201d, se\u00f1al\u00f3&nbsp;Neira.<\/p>\n\n\n\n<p class=\"wp-block-paragraph\">El equipo t\u00e9cnico&nbsp;de&nbsp;la&nbsp;Secretar\u00eda de Derechos Humanos, present\u00f3 un an\u00e1lisis detallado de los recursos asignados para la prevenci\u00f3n de la violencia basada en g\u00e9nero;&nbsp;Carlos Loor, Director Financiero, inform\u00f3 que la&nbsp;Instituci\u00f3n cuenta con&nbsp;un&nbsp;presupuesto de $2\u2019177.324 d\u00f3lares destinados a los convenios&nbsp;espec\u00edficos de transferencia de recursos p\u00fablicos que se suscriben&nbsp;con organizaciones de la sociedad civil; adem\u00e1s, asegur\u00f3 que se realizaron las transferencias del primer trimestre para las Casas de Acogida y Centros de Atenci\u00f3n, a fin de que&nbsp;estas entidades&nbsp;cuenten con los recursos desde inicios de a\u00f1o. \u201c<em>Un ejemplo es la transferencia realizada a la Fundaci\u00f3n Mar\u00eda Amor, a quienes se realiz\u00f3 la transferencia el 12 de enero y el 13 de enero tuvo la acreditaci\u00f3n por $29,719.90 d\u00f3lares, garantizando eficiencia en la entrega de recursos<\/em>\u201d, se\u00f1al\u00f3.&nbsp;<\/p>\n\n\n\n<p class=\"wp-block-paragraph\">Tambi\u00e9n se indic\u00f3 que la&nbsp;Instituci\u00f3n tom\u00f3 algunas medidas&nbsp;en el marco normativo,&nbsp;especialmente,&nbsp;en&nbsp;cuanto a reformas a&nbsp;la normativa interna; buscando&nbsp;mejorar la gesti\u00f3n de procesos en cumplimiento de la ley. Sobre el proyecto de Reglamento 2022 para Casas de Acogida y Centros de Atenci\u00f3n se dio a conocer que se busca&nbsp;ampliar la cobertura de servicios,&nbsp;el incremento de rubros para el personal de primera l\u00ednea,&nbsp;especialmente para&nbsp;la adquisici\u00f3n de&nbsp;art\u00edculos de primera necesidad. Adem\u00e1s, se cumplir\u00e1 un cronograma para la suscripci\u00f3n de nuevos convenios para el a\u00f1o 2022.<\/p>\n\n\n\n<p class=\"wp-block-paragraph\">Por otro lado, el 15 de diciembre de 2021, la&nbsp;Mesa Cantonal para la Erradicaci\u00f3n de la Violencia de G\u00e9nero&nbsp;acord\u00f3 \u201c<em>Que la Secretar\u00eda de Derechos Humanos con el apoyo de la Comisi\u00f3n de Atenci\u00f3n, Prevenci\u00f3n y Protecci\u00f3n de la Mesa Cantonal realice el monitoreo de los recursos necesarios para garantizar la atenci\u00f3n y protecci\u00f3n a mujeres en situaci\u00f3n de violencia basada en g\u00e9nero<\/em>\u201d;&nbsp;en ese sentido esta cartera&nbsp;de Estado, como ente rector&nbsp;del&nbsp;<a><\/a>Sistema,&nbsp;ser\u00e1 parte activa de la coordinaci\u00f3n y solicitud de informaci\u00f3n a todos los integrantes del Sistema Nacional de Prevenci\u00f3n y Erradicaci\u00f3n de la violencia contra la Mujer&nbsp;en el cant\u00f3n&nbsp;Cuenca, sobre la prestaci\u00f3n de servicios de atenci\u00f3n y protecci\u00f3n a v\u00edctimas de violencia basada en g\u00e9nero.<\/p>\n\n\n\n<p class=\"wp-block-paragraph\">La reuni\u00f3n se desarroll\u00f3 con la presencia de los miembros de la&nbsp;Comisi\u00f3n&nbsp;de&nbsp;Prevenci\u00f3n, Atenci\u00f3n y Protecci\u00f3n&nbsp;a Mujeres en Situaci\u00f3n de Violencia&nbsp;de la Mesa Cantonal&nbsp;para la Erradicaci\u00f3n de la Violencia de G\u00e9nero en Cuenca:&nbsp;el Consejo Cantonal de Protecci\u00f3n de Derechos,&nbsp;laRepresentante Legal de la&nbsp;Fundaci\u00f3n Mar\u00eda Amor,y&nbsp;representantes de&nbsp;la&nbsp;Red de Familias victimas de femicidio.<\/p>\n","protected":false},"excerpt":{"rendered":"<p class=\"excerpt\">Cuenca, Ecuador. \u2013&nbsp;La Secretar\u00eda de Derechos Humanos&nbsp;(SDH)&nbsp;particip\u00f3 en la&nbsp;Comisi\u00f3n dePrevenci\u00f3n, Atenci\u00f3n y Protecci\u00f3n&nbsp;a Mujeres en&nbsp;Situaci\u00f3n&nbsp;de Violencia&nbsp;de la Mesa Cantonal&nbsp;para la Erradicaci\u00f3n de la Violencia de G\u00e9nero en Cuenca,con el objetivo de socializar el presupuesto para el a\u00f1o 2022 que garantiza los recursos para la atenci\u00f3n de sobrevivientes de violencia a trav\u00e9s dela suscripci\u00f3n de&nbsp;convenios espec\u00edficos de transferencia de&nbsp;fondos&nbsp;p\u00fablicos.&nbsp;La reuni\u00f3n se&hellip; <a href=\"https:\/\/www.ministeriodegobierno.gob.ec\/derechoshumanos\/2022\/01\/21\/la-secretaria-de-derechos-humanos-participo-en-la-comision-de-prevencion-atencion-y-proteccion-a-mujeres-en-situacion-de-violencia-en-cuenca\/\">Read more &rarr;<\/a><\/p>\n","protected":false},"author":6,"featured_media":11316,"comment_status":"closed","ping_status":"closed","sticky":false,"template":"","format":"standard","meta":{"footnotes":""},"categories":[20,5,6],"tags":[],"class_list":["post-11315","post","type-post","status-publish","format-standard","has-post-thumbnail","hentry","category-boletin-de-prensa","category-noticias","category-noticias-destacadas","xfolkentry"],"_links":{"self":[{"href":"https:\/\/www.ministeriodegobierno.gob.ec\/derechoshumanos\/wp-json\/wp\/v2\/posts\/11315","targetHints":{"allow":["GET"]}}],"collection":[{"href":"https:\/\/www.ministeriodegobierno.gob.ec\/derechoshumanos\/wp-json\/wp\/v2\/posts"}],"about":[{"href":"https:\/\/www.ministeriodegobierno.gob.ec\/derechoshumanos\/wp-json\/wp\/v2\/types\/post"}],"author":[{"embeddable":true,"href":"https:\/\/www.ministeriodegobierno.gob.ec\/derechoshumanos\/wp-json\/wp\/v2\/users\/6"}],"replies":[{"embeddable":true,"href":"https:\/\/www.ministeriodegobierno.gob.ec\/derechoshumanos\/wp-json\/wp\/v2\/comments?post=11315"}],"version-history":[{"count":1,"href":"https:\/\/www.ministeriodegobierno.gob.ec\/derechoshumanos\/wp-json\/wp\/v2\/posts\/11315\/revisions"}],"predecessor-version":[{"id":11317,"href":"https:\/\/www.ministeriodegobierno.gob.ec\/derechoshumanos\/wp-json\/wp\/v2\/posts\/11315\/revisions\/11317"}],"wp:featuredmedia":[{"embeddable":true,"href":"https:\/\/www.ministeriodegobierno.gob.ec\/derechoshumanos\/wp-json\/wp\/v2\/media\/11316"}],"wp:attachment":[{"href":"https:\/\/www.ministeriodegobierno.gob.ec\/derechoshumanos\/wp-json\/wp\/v2\/media?parent=11315"}],"wp:term":[{"taxonomy":"category","embeddable":true,"href":"https:\/\/www.ministeriodegobierno.gob.ec\/derechoshumanos\/wp-json\/wp\/v2\/categories?post=11315"},{"taxonomy":"post_tag","embeddable":true,"href":"https:\/\/www.ministeriodegobierno.gob.ec\/derechoshumanos\/wp-json\/wp\/v2\/tags?post=11315"}],"curies":[{"name":"wp","href":"https:\/\/api.w.org\/{rel}","templated":true}]}}