{"id":11487,"date":"2022-01-26T11:06:14","date_gmt":"2022-01-26T16:06:14","guid":{"rendered":"https:\/\/www.derechoshumanos.gob.ec\/?p=11487"},"modified":"2022-01-26T11:06:15","modified_gmt":"2022-01-26T16:06:15","slug":"en-rumichaca-secretaria-de-derechos-humanos-recibe-a-sobreviviente-de-violencia","status":"publish","type":"post","link":"https:\/\/www.ministeriodegobierno.gob.ec\/derechoshumanos\/2022\/01\/26\/en-rumichaca-secretaria-de-derechos-humanos-recibe-a-sobreviviente-de-violencia\/","title":{"rendered":"En Rumichaca: Secretar\u00eda de Derechos Humanos recibe a sobreviviente de violencia"},"content":{"rendered":"\n<p class=\"wp-block-paragraph\"><\/p>\n\n\n\n<p class=\"wp-block-paragraph\"><strong>Tulc\u00e1n, Ecuador.- <\/strong>La Secretar\u00eda de Derechos Humamos, por medio del Servicio de Protecci\u00f3n Integral, coordin\u00f3 acciones con el Ministerio de Relaciones Exteriores y Movilidad Humana para el recibimiento de una sobreviviente de violencia f\u00edsica y psicol\u00f3gica desde Bogot\u00e1.<\/p>\n\n\n\n<p class=\"wp-block-paragraph\">Carlos Espinoza, Director Zonal 1 de la Secretar\u00eda de Derechos Humanos se\u00f1al\u00f3: \u201c<em>Estas acciones de articulaci\u00f3n y coordinaci\u00f3n tienen como fin brindar protecci\u00f3n especial e integral a nuestras ni\u00f1as y adolescentes, y vincula, adem\u00e1s, un acompa\u00f1amiento interdisciplinario que mitigue al m\u00e1ximo los efectos que puedan ocasionar las vulneraciones de derechos\u201d.<\/em><\/p>\n\n\n\n<p class=\"wp-block-paragraph\">La NNA se encontraba en la capital colombiana con sus hermanas con la intenci\u00f3n de trabajar y solventar sus estudios, pero sufri\u00f3 maltrato, violencia y explotaci\u00f3n laboral intrafamiliar, lo que caus\u00f3 la menor decida regresar por sus propios medios a Ecuador.<\/p>\n\n\n\n<p class=\"wp-block-paragraph\">El Consulado del Ecuador en Ipiales, Colombia, report\u00f3 que la NNA fue encontrada por la Polic\u00eda de Infancia y Adolescencia en el terminal de transporte, proveniente desde Bogot\u00e1 con rumbo a Ecuador y al encontrarse sola, fue ubicada en un hogar de paso.<\/p>\n\n\n\n<p class=\"wp-block-paragraph\">Inmediatamente se coordinaron acciones con el Ministerio de Inclusi\u00f3n Econ\u00f3mica y Social y Ministerio de Salud para que acompa\u00f1en en el recibimiento en el Puente Internacional de Rumichaca, donde se la entreg\u00f3 a su madre, de acuerdo a los protocolos vigentes.<\/p>\n\n\n\n<p class=\"wp-block-paragraph\">El Servicio de Protecci\u00f3n Integral brind\u00f3 acompa\u00f1amiento a la menor y su madre durante su llegada y posterior traslado a su domicilio en el cant\u00f3n Otavalo. Adem\u00e1s,&nbsp;se realiz\u00f3 el abordaje psicol\u00f3gico y se gestion\u00f3 con el Ministerio de Educaci\u00f3n su reinserci\u00f3n al sistema educativo, tambi\u00e9n se articulan acciones con el Ministerio de Inclusi\u00f3n Econ\u00f3mica y Social para su ingreso en el programa de Acogimiento Familiar.<\/p>\n","protected":false},"excerpt":{"rendered":"<p class=\"excerpt\">Tulc\u00e1n, Ecuador.- La Secretar\u00eda de Derechos Humamos, por medio del Servicio de Protecci\u00f3n Integral, coordin\u00f3 acciones con el Ministerio de Relaciones Exteriores y Movilidad Humana para el recibimiento de una sobreviviente de violencia f\u00edsica y psicol\u00f3gica desde Bogot\u00e1. Carlos Espinoza, Director Zonal 1 de la Secretar\u00eda de Derechos Humanos se\u00f1al\u00f3: \u201cEstas acciones de articulaci\u00f3n y coordinaci\u00f3n tienen como fin brindar&hellip; <a href=\"https:\/\/www.ministeriodegobierno.gob.ec\/derechoshumanos\/2022\/01\/26\/en-rumichaca-secretaria-de-derechos-humanos-recibe-a-sobreviviente-de-violencia\/\">Read more &rarr;<\/a><\/p>\n","protected":false},"author":6,"featured_media":11488,"comment_status":"closed","ping_status":"closed","sticky":false,"template":"","format":"standard","meta":{"footnotes":""},"categories":[20,5,6],"tags":[],"class_list":["post-11487","post","type-post","status-publish","format-standard","has-post-thumbnail","hentry","category-boletin-de-prensa","category-noticias","category-noticias-destacadas","xfolkentry"],"_links":{"self":[{"href":"https:\/\/www.ministeriodegobierno.gob.ec\/derechoshumanos\/wp-json\/wp\/v2\/posts\/11487","targetHints":{"allow":["GET"]}}],"collection":[{"href":"https:\/\/www.ministeriodegobierno.gob.ec\/derechoshumanos\/wp-json\/wp\/v2\/posts"}],"about":[{"href":"https:\/\/www.ministeriodegobierno.gob.ec\/derechoshumanos\/wp-json\/wp\/v2\/types\/post"}],"author":[{"embeddable":true,"href":"https:\/\/www.ministeriodegobierno.gob.ec\/derechoshumanos\/wp-json\/wp\/v2\/users\/6"}],"replies":[{"embeddable":true,"href":"https:\/\/www.ministeriodegobierno.gob.ec\/derechoshumanos\/wp-json\/wp\/v2\/comments?post=11487"}],"version-history":[{"count":1,"href":"https:\/\/www.ministeriodegobierno.gob.ec\/derechoshumanos\/wp-json\/wp\/v2\/posts\/11487\/revisions"}],"predecessor-version":[{"id":11489,"href":"https:\/\/www.ministeriodegobierno.gob.ec\/derechoshumanos\/wp-json\/wp\/v2\/posts\/11487\/revisions\/11489"}],"wp:featuredmedia":[{"embeddable":true,"href":"https:\/\/www.ministeriodegobierno.gob.ec\/derechoshumanos\/wp-json\/wp\/v2\/media\/11488"}],"wp:attachment":[{"href":"https:\/\/www.ministeriodegobierno.gob.ec\/derechoshumanos\/wp-json\/wp\/v2\/media?parent=11487"}],"wp:term":[{"taxonomy":"category","embeddable":true,"href":"https:\/\/www.ministeriodegobierno.gob.ec\/derechoshumanos\/wp-json\/wp\/v2\/categories?post=11487"},{"taxonomy":"post_tag","embeddable":true,"href":"https:\/\/www.ministeriodegobierno.gob.ec\/derechoshumanos\/wp-json\/wp\/v2\/tags?post=11487"}],"curies":[{"name":"wp","href":"https:\/\/api.w.org\/{rel}","templated":true}]}}