{"id":11502,"date":"2022-01-27T17:39:27","date_gmt":"2022-01-27T22:39:27","guid":{"rendered":"https:\/\/www.derechoshumanos.gob.ec\/?p=11502"},"modified":"2022-01-27T17:39:27","modified_gmt":"2022-01-27T22:39:27","slug":"en-reunion-regional-sobre-la-mujer-secretaria-de-derechos-humanos-convoca-a-la-erradicacion-de-toda-forma-de-violencia-y-de-discriminacion","status":"publish","type":"post","link":"https:\/\/www.ministeriodegobierno.gob.ec\/derechoshumanos\/2022\/01\/27\/en-reunion-regional-sobre-la-mujer-secretaria-de-derechos-humanos-convoca-a-la-erradicacion-de-toda-forma-de-violencia-y-de-discriminacion\/","title":{"rendered":"En reuni\u00f3n regional sobre la mujer: Secretar\u00eda de Derechos Humanos convoca a la erradicaci\u00f3n de toda forma de violencia y de discriminaci\u00f3n"},"content":{"rendered":"\n<p class=\"wp-block-paragraph\"><\/p>\n\n\n\n<p class=\"wp-block-paragraph\"><strong>Quito, Ecuador. \u2013<\/strong> En el marco de la 62 Reuni\u00f3n de la Mesa Directiva de la Conferencia Regional sobre la Mujer de Am\u00e9rica Latina y el Caribe, organizada por la por la Comisi\u00f3n Econ\u00f3mica para Am\u00e9rica Latina y el Caribe (CEPAL), la Secretaria de Derechos Humanos, Bernarda Ordo\u00f1ez Moscoso, convoc\u00f3 a la erradicaci\u00f3n de la toda forma de violencia y de discriminaci\u00f3n contra la mujer.<\/p>\n\n\n\n<p class=\"wp-block-paragraph\">En el espacio virtual, al que asistieron autoridades de los mecanismos para el adelanto de las mujeres de los pa\u00edses de Am\u00e9rica Latina y el Caribe, integrantes de organismos internacionales, de la academia, de organizaciones de mujeres y feministas, resalt\u00f3 que \u201c<em>El Presidente de la Rep\u00fablica, Guillermo Lasso, declar\u00f3 como prioridad nacional la promoci\u00f3n y defensa de la igualdad de g\u00e9nero, as\u00ed como, el empoderamiento de las mujeres a fin de erradicar toda forma de violencia y discriminaci\u00f3n<\/em>\u201d.<\/p>\n\n\n\n<p class=\"wp-block-paragraph\">\u201cEcuador se escribe con E de Equidad\u201d, manifest\u00f3 la Secretaria, dentro del encuentro en que se avanz\u00f3 en los preparativos de la XV Conferencia Regional sobre la Mujer de Am\u00e9rica Latina y el Caribe que se desarrollar\u00e1 este a\u00f1o en Argentina con el tema central \u201cLa sociedad del cuidado: horizonte para una recuperaci\u00f3n sostenible con igualdad de g\u00e9nero\u201d.<\/p>\n\n\n\n<p class=\"wp-block-paragraph\">Adem\u00e1s, resalt\u00f3 que el Gobierno Nacional ha dado pasos significativos en el eje presupuestario, ya que desde la creaci\u00f3n de la Secretar\u00eda de Derechos Humanos en 2018 se asignaba 1,7 millones de d\u00f3lares; y actualmente se destinaron 24 millones de d\u00f3lares para trabajar durante el per\u00edodo presidencial.<\/p>\n\n\n\n<p class=\"wp-block-paragraph\">En su intervenci\u00f3n, present\u00f3 hitos de este Gobierno con la creaci\u00f3n de la Subsecretar\u00eda de Diversidades y la declaraci\u00f3n de las pol\u00edticas p\u00fablicas para el adelanto de las ni\u00f1as y mujeres, en que se trabaja de forma trasversal con todas las carteras de Estado.<\/p>\n\n\n\n<p class=\"wp-block-paragraph\">Al finalizar su intervenci\u00f3n, la Secretaria indic\u00f3 que uno de los proyectos emblem\u00e1ticos es implementar los Centros Violeta, como espacios de atenci\u00f3n integral para las sobrevivientes de violencia.<\/p>\n\n\n\n<p class=\"wp-block-paragraph\"><strong>El Dato:<\/strong><\/p>\n\n\n\n<ul class=\"wp-block-list\"><li>La Sexag\u00e9sima Segunda Reuni\u00f3n de la Mesa Directiva de la Conferencia Regional sobre la Mujer de Am\u00e9rica Latina y el Caribe organizada por la por la Comisi\u00f3n Econ\u00f3mica para Am\u00e9rica Latina y el Caribe (CEPAL) en coordinaci\u00f3n con ONU Mujeres, que se desarroll\u00f3 el 26 y 27 de enero de forma virtual.<\/li><li>El encuentro estuvo presidido por M\u00f3nica Zalaquett, Ministra de la Mujer y la Equidad de G\u00e9nero de Chile, como Presidenta de la Mesa Directiva de la Conferencia Regional sobre la Mujer de Am\u00e9rica Latina y el Caribe.<\/li><\/ul>\n","protected":false},"excerpt":{"rendered":"<p class=\"excerpt\">Quito, Ecuador. \u2013 En el marco de la 62 Reuni\u00f3n de la Mesa Directiva de la Conferencia Regional sobre la Mujer de Am\u00e9rica Latina y el Caribe, organizada por la por la Comisi\u00f3n Econ\u00f3mica para Am\u00e9rica Latina y el Caribe (CEPAL), la Secretaria de Derechos Humanos, Bernarda Ordo\u00f1ez Moscoso, convoc\u00f3 a la erradicaci\u00f3n de la toda forma de violencia y&hellip; <a href=\"https:\/\/www.ministeriodegobierno.gob.ec\/derechoshumanos\/2022\/01\/27\/en-reunion-regional-sobre-la-mujer-secretaria-de-derechos-humanos-convoca-a-la-erradicacion-de-toda-forma-de-violencia-y-de-discriminacion\/\">Read more &rarr;<\/a><\/p>\n","protected":false},"author":6,"featured_media":11504,"comment_status":"closed","ping_status":"closed","sticky":false,"template":"","format":"standard","meta":{"footnotes":""},"categories":[20,5,6],"tags":[],"class_list":["post-11502","post","type-post","status-publish","format-standard","has-post-thumbnail","hentry","category-boletin-de-prensa","category-noticias","category-noticias-destacadas","xfolkentry"],"_links":{"self":[{"href":"https:\/\/www.ministeriodegobierno.gob.ec\/derechoshumanos\/wp-json\/wp\/v2\/posts\/11502","targetHints":{"allow":["GET"]}}],"collection":[{"href":"https:\/\/www.ministeriodegobierno.gob.ec\/derechoshumanos\/wp-json\/wp\/v2\/posts"}],"about":[{"href":"https:\/\/www.ministeriodegobierno.gob.ec\/derechoshumanos\/wp-json\/wp\/v2\/types\/post"}],"author":[{"embeddable":true,"href":"https:\/\/www.ministeriodegobierno.gob.ec\/derechoshumanos\/wp-json\/wp\/v2\/users\/6"}],"replies":[{"embeddable":true,"href":"https:\/\/www.ministeriodegobierno.gob.ec\/derechoshumanos\/wp-json\/wp\/v2\/comments?post=11502"}],"version-history":[{"count":1,"href":"https:\/\/www.ministeriodegobierno.gob.ec\/derechoshumanos\/wp-json\/wp\/v2\/posts\/11502\/revisions"}],"predecessor-version":[{"id":11505,"href":"https:\/\/www.ministeriodegobierno.gob.ec\/derechoshumanos\/wp-json\/wp\/v2\/posts\/11502\/revisions\/11505"}],"wp:featuredmedia":[{"embeddable":true,"href":"https:\/\/www.ministeriodegobierno.gob.ec\/derechoshumanos\/wp-json\/wp\/v2\/media\/11504"}],"wp:attachment":[{"href":"https:\/\/www.ministeriodegobierno.gob.ec\/derechoshumanos\/wp-json\/wp\/v2\/media?parent=11502"}],"wp:term":[{"taxonomy":"category","embeddable":true,"href":"https:\/\/www.ministeriodegobierno.gob.ec\/derechoshumanos\/wp-json\/wp\/v2\/categories?post=11502"},{"taxonomy":"post_tag","embeddable":true,"href":"https:\/\/www.ministeriodegobierno.gob.ec\/derechoshumanos\/wp-json\/wp\/v2\/tags?post=11502"}],"curies":[{"name":"wp","href":"https:\/\/api.w.org\/{rel}","templated":true}]}}