{"id":11506,"date":"2022-01-27T19:20:00","date_gmt":"2022-01-28T00:20:00","guid":{"rendered":"https:\/\/www.derechoshumanos.gob.ec\/?p=11506"},"modified":"2022-01-27T19:20:01","modified_gmt":"2022-01-28T00:20:01","slug":"en-cuenca-capacitamos-a-padres-de-familia-en-corresponsabilidad-parental","status":"publish","type":"post","link":"https:\/\/www.ministeriodegobierno.gob.ec\/derechoshumanos\/2022\/01\/27\/en-cuenca-capacitamos-a-padres-de-familia-en-corresponsabilidad-parental\/","title":{"rendered":"En Cuenca: Capacitamos a padres de familia en Corresponsabilidad Parental"},"content":{"rendered":"\n<p class=\"wp-block-paragraph\"><\/p>\n\n\n\n<p class=\"wp-block-paragraph\"><\/p>\n\n\n\n<p class=\"wp-block-paragraph\"><strong>Cuenca<\/strong><strong>, Ecuador.-<\/strong> La Secretar\u00eda de Derechos Humanos, a trav\u00e9s del Servicio de Protecci\u00f3n Integral (SPI), desarroll\u00f3 un taller sobre \u201cCorresponsabilidad Parental\u201d, dirigido &nbsp;a padres de familia de la Unidad Educativa Sinincay, en coordinaci\u00f3n y apoyo&nbsp; de &nbsp;docentes y&nbsp; estudiantes de \u201cVinculaci\u00f3n con la Sociedad\u201d de la Universidad Cat\u00f3lica de Cuenca.<\/p>\n\n\n\n<p class=\"wp-block-paragraph\">El objetivo del taller es sensibilizar a los progenitores sobre la igualdad de g\u00e9nero a trav\u00e9s de una distribuci\u00f3n equitativa de responsabilidades familiares, para el funcionamiento id\u00f3neo y la satisfacci\u00f3n familiar necesaria de relaciones positivas dentro del hogar. Se expusieron adem\u00e1s las pautas de actuaci\u00f3n en las tareas de crianza y educaci\u00f3n de los hijos, en el objetivo de establecer familias democr\u00e1ticas, tolerantes e igualitarias.<\/p>\n\n\n\n<p class=\"wp-block-paragraph\">El psic\u00f3logo cl\u00ednico Juan Pablo Maz\u00f3n, tutor de los estudiantes de Psicolog\u00eda de la Universidad Cat\u00f3lica de Cuenca, se\u00f1al\u00f3 la importancia de que en cada entorno familiar exista igualdad en las actividades propias del hogar, en las obligaciones y sobre todo en las responsabilidades en los \u00e1mbitos que se desarrollan.<\/p>\n\n\n\n<p class=\"wp-block-paragraph\">De su parte, la Trabajadora Social Miriam Lazo, T\u00e9cnica del SPI, mencion\u00f3 que se continuar\u00e1 trabajando de manera articulada con tem\u00e1ticas de importancia para las familias enfocadas en igualdad de g\u00e9nero y derechos, como parte del compromiso y responsabilidad que tiene la Secretar\u00eda de Derechos Humanos en el cumplimiento del eje de prevenci\u00f3n.<\/p>\n","protected":false},"excerpt":{"rendered":"<p class=\"excerpt\">Cuenca, Ecuador.- La Secretar\u00eda de Derechos Humanos, a trav\u00e9s del Servicio de Protecci\u00f3n Integral (SPI), desarroll\u00f3 un taller sobre \u201cCorresponsabilidad Parental\u201d, dirigido &nbsp;a padres de familia de la Unidad Educativa Sinincay, en coordinaci\u00f3n y apoyo&nbsp; de &nbsp;docentes y&nbsp; estudiantes de \u201cVinculaci\u00f3n con la Sociedad\u201d de la Universidad Cat\u00f3lica de Cuenca. El objetivo del taller es sensibilizar a los progenitores sobre&hellip; <a href=\"https:\/\/www.ministeriodegobierno.gob.ec\/derechoshumanos\/2022\/01\/27\/en-cuenca-capacitamos-a-padres-de-familia-en-corresponsabilidad-parental\/\">Read more &rarr;<\/a><\/p>\n","protected":false},"author":6,"featured_media":11507,"comment_status":"closed","ping_status":"closed","sticky":false,"template":"","format":"standard","meta":{"footnotes":""},"categories":[20,5,6],"tags":[],"class_list":["post-11506","post","type-post","status-publish","format-standard","has-post-thumbnail","hentry","category-boletin-de-prensa","category-noticias","category-noticias-destacadas","xfolkentry"],"_links":{"self":[{"href":"https:\/\/www.ministeriodegobierno.gob.ec\/derechoshumanos\/wp-json\/wp\/v2\/posts\/11506","targetHints":{"allow":["GET"]}}],"collection":[{"href":"https:\/\/www.ministeriodegobierno.gob.ec\/derechoshumanos\/wp-json\/wp\/v2\/posts"}],"about":[{"href":"https:\/\/www.ministeriodegobierno.gob.ec\/derechoshumanos\/wp-json\/wp\/v2\/types\/post"}],"author":[{"embeddable":true,"href":"https:\/\/www.ministeriodegobierno.gob.ec\/derechoshumanos\/wp-json\/wp\/v2\/users\/6"}],"replies":[{"embeddable":true,"href":"https:\/\/www.ministeriodegobierno.gob.ec\/derechoshumanos\/wp-json\/wp\/v2\/comments?post=11506"}],"version-history":[{"count":1,"href":"https:\/\/www.ministeriodegobierno.gob.ec\/derechoshumanos\/wp-json\/wp\/v2\/posts\/11506\/revisions"}],"predecessor-version":[{"id":11508,"href":"https:\/\/www.ministeriodegobierno.gob.ec\/derechoshumanos\/wp-json\/wp\/v2\/posts\/11506\/revisions\/11508"}],"wp:featuredmedia":[{"embeddable":true,"href":"https:\/\/www.ministeriodegobierno.gob.ec\/derechoshumanos\/wp-json\/wp\/v2\/media\/11507"}],"wp:attachment":[{"href":"https:\/\/www.ministeriodegobierno.gob.ec\/derechoshumanos\/wp-json\/wp\/v2\/media?parent=11506"}],"wp:term":[{"taxonomy":"category","embeddable":true,"href":"https:\/\/www.ministeriodegobierno.gob.ec\/derechoshumanos\/wp-json\/wp\/v2\/categories?post=11506"},{"taxonomy":"post_tag","embeddable":true,"href":"https:\/\/www.ministeriodegobierno.gob.ec\/derechoshumanos\/wp-json\/wp\/v2\/tags?post=11506"}],"curies":[{"name":"wp","href":"https:\/\/api.w.org\/{rel}","templated":true}]}}