{"id":11512,"date":"2022-01-28T14:14:25","date_gmt":"2022-01-28T19:14:25","guid":{"rendered":"https:\/\/www.derechoshumanos.gob.ec\/?p=11512"},"modified":"2022-01-28T14:14:25","modified_gmt":"2022-01-28T19:14:25","slug":"en-quito-en-el-lanzamiento-agenda-joven-lgbtiq-subsecretaria-de-diversidades-presenta-proyectos-para-2022","status":"publish","type":"post","link":"https:\/\/www.ministeriodegobierno.gob.ec\/derechoshumanos\/2022\/01\/28\/en-quito-en-el-lanzamiento-agenda-joven-lgbtiq-subsecretaria-de-diversidades-presenta-proyectos-para-2022\/","title":{"rendered":"En Quito: En el Lanzamiento Agenda Joven LGBTIQ+, Subsecretar\u00eda de Diversidades presenta proyectos para 2022"},"content":{"rendered":"\n<p class=\"wp-block-paragraph\"><\/p>\n\n\n\n<p class=\"wp-block-paragraph\"><strong>Quito, Ecuador.- <\/strong>La Secretar\u00eda de Derechos Humamos (SDH) particip\u00f3 en el Lanzamiento de la Agenda LGBTIQ+, evento organizado por Di\u00e1logo Diverso, con&nbsp; el apoyo de la OIM Ecuador y &nbsp;de la Oficina de Poblaci\u00f3n, Refugio y Migraci\u00f3n de Estados Unidos, evento en el que se presentaron los <strong>proyectos de la Subsecretar\u00eda de Diversidades para el a\u00f1o 2022 con una inversi\u00f3n de m\u00e1s de 1.9 millones de d\u00f3lares<\/strong>.<\/p>\n\n\n\n<p class=\"wp-block-paragraph\">El Subsecretario de Derechos Humanos, Felipe Ochoa Mogrovejo, agradeci\u00f3 a las organizaciones de la sociedad civil, que han luchado por la promoci\u00f3n y defensa de la poblaci\u00f3n LGBTI+ y resalt\u00f3 la importancia de construir pol\u00edticas p\u00fablicas transparentes y participativas que garanticen los derechos humanos.<\/p>\n\n\n\n<p class=\"wp-block-paragraph\">Adem\u00e1s, present\u00f3 al nuevo Subsecretario de Diversidades, Alexander Guano, quien manifest\u00f3 que asume este reto para trabajar por construir un Ecuador diverso, garantizando los derechos humanos y priorizando la atenci\u00f3n a poblaciones que requieren la presencia del Estado de manera efectiva y sostenible.<\/p>\n\n\n\n<p class=\"wp-block-paragraph\">Resalt\u00f3 la conciencia que existe sobre la deuda hist\u00f3rica con la poblaci\u00f3n LGBTI+, por lo que se invertir\u00e1n m\u00e1s de 1.9 millones de d\u00f3lares en prevenir y erradicar todas las formas de violencia contra la poblaci\u00f3n LGBTI+ con fondos provenientes del Gobierno Nacional y de cooperantes internacionales.<\/p>\n\n\n\n<p class=\"wp-block-paragraph\">Las principales acciones y proyectos planificados desde la Subsecretar\u00eda para 2022 son:<\/p>\n\n\n\n<ul class=\"wp-block-list\"><li><strong>Entrega del Plan de Acci\u00f3n de Diversidades<\/strong>, que constituir\u00e1 la primera pol\u00edtica p\u00fablica integral de los derechos de la poblaci\u00f3n LGBTI+.<\/li><li><strong>Desarrollo del \u201cEstudio sobre acceso a la justicia por parte de la poblaci\u00f3n LGBTI+\u201d<\/strong>, con la cooperaci\u00f3n t\u00e9cnica no reembolsable del Banco Interamericano de Desarrollo (BID).<\/li><li><strong>Realizaci\u00f3n del \u201cEstudio Especializado sobre violencia hacia la poblaci\u00f3n LGBTI+\u201d,<\/strong> con el apoyo de la Agencia Alemana para la Cooperaci\u00f3n Internacional (GIZ), a partir de febrero.<\/li><li><strong>Ejecuci\u00f3n del proyecto de inversi\u00f3n de \u201cPrevenci\u00f3n de las violencias y fortalecimiento de capacidades para el acceso al empleo de grupos en situaci\u00f3n de vulnerabilidad enfocado a poblaci\u00f3n LGBTI+\u201d,<\/strong> con un presupuesto aproximado de 1.5 millones de d\u00f3lares, a partir del mes de febrero.<\/li><\/ul>\n","protected":false},"excerpt":{"rendered":"<p class=\"excerpt\">Quito, Ecuador.- La Secretar\u00eda de Derechos Humamos (SDH) particip\u00f3 en el Lanzamiento de la Agenda LGBTIQ+, evento organizado por Di\u00e1logo Diverso, con&nbsp; el apoyo de la OIM Ecuador y &nbsp;de la Oficina de Poblaci\u00f3n, Refugio y Migraci\u00f3n de Estados Unidos, evento en el que se presentaron los proyectos de la Subsecretar\u00eda de Diversidades para el a\u00f1o 2022 con una inversi\u00f3n&hellip; <a href=\"https:\/\/www.ministeriodegobierno.gob.ec\/derechoshumanos\/2022\/01\/28\/en-quito-en-el-lanzamiento-agenda-joven-lgbtiq-subsecretaria-de-diversidades-presenta-proyectos-para-2022\/\">Read more &rarr;<\/a><\/p>\n","protected":false},"author":6,"featured_media":11513,"comment_status":"closed","ping_status":"closed","sticky":false,"template":"","format":"standard","meta":{"footnotes":""},"categories":[20,5,6],"tags":[],"class_list":["post-11512","post","type-post","status-publish","format-standard","has-post-thumbnail","hentry","category-boletin-de-prensa","category-noticias","category-noticias-destacadas","xfolkentry"],"_links":{"self":[{"href":"https:\/\/www.ministeriodegobierno.gob.ec\/derechoshumanos\/wp-json\/wp\/v2\/posts\/11512","targetHints":{"allow":["GET"]}}],"collection":[{"href":"https:\/\/www.ministeriodegobierno.gob.ec\/derechoshumanos\/wp-json\/wp\/v2\/posts"}],"about":[{"href":"https:\/\/www.ministeriodegobierno.gob.ec\/derechoshumanos\/wp-json\/wp\/v2\/types\/post"}],"author":[{"embeddable":true,"href":"https:\/\/www.ministeriodegobierno.gob.ec\/derechoshumanos\/wp-json\/wp\/v2\/users\/6"}],"replies":[{"embeddable":true,"href":"https:\/\/www.ministeriodegobierno.gob.ec\/derechoshumanos\/wp-json\/wp\/v2\/comments?post=11512"}],"version-history":[{"count":1,"href":"https:\/\/www.ministeriodegobierno.gob.ec\/derechoshumanos\/wp-json\/wp\/v2\/posts\/11512\/revisions"}],"predecessor-version":[{"id":11514,"href":"https:\/\/www.ministeriodegobierno.gob.ec\/derechoshumanos\/wp-json\/wp\/v2\/posts\/11512\/revisions\/11514"}],"wp:featuredmedia":[{"embeddable":true,"href":"https:\/\/www.ministeriodegobierno.gob.ec\/derechoshumanos\/wp-json\/wp\/v2\/media\/11513"}],"wp:attachment":[{"href":"https:\/\/www.ministeriodegobierno.gob.ec\/derechoshumanos\/wp-json\/wp\/v2\/media?parent=11512"}],"wp:term":[{"taxonomy":"category","embeddable":true,"href":"https:\/\/www.ministeriodegobierno.gob.ec\/derechoshumanos\/wp-json\/wp\/v2\/categories?post=11512"},{"taxonomy":"post_tag","embeddable":true,"href":"https:\/\/www.ministeriodegobierno.gob.ec\/derechoshumanos\/wp-json\/wp\/v2\/tags?post=11512"}],"curies":[{"name":"wp","href":"https:\/\/api.w.org\/{rel}","templated":true}]}}