{"id":11516,"date":"2022-01-29T14:26:15","date_gmt":"2022-01-29T19:26:15","guid":{"rendered":"https:\/\/www.derechoshumanos.gob.ec\/?p=11516"},"modified":"2022-01-29T14:26:16","modified_gmt":"2022-01-29T19:26:16","slug":"mas-de-30-organizaciones-de-mujeres-a-nivel-nacional-participan-en-socializacion-de-nuevo-reglamento-de-casas-de-acogida-y-centros-de-atencion-integral","status":"publish","type":"post","link":"https:\/\/www.ministeriodegobierno.gob.ec\/derechoshumanos\/2022\/01\/29\/mas-de-30-organizaciones-de-mujeres-a-nivel-nacional-participan-en-socializacion-de-nuevo-reglamento-de-casas-de-acogida-y-centros-de-atencion-integral\/","title":{"rendered":"M\u00e1s de 30 organizaciones de mujeres a nivel nacional participan en socializaci\u00f3n de nuevo reglamento de Casas de Acogida y Centros de Atenci\u00f3n Integral"},"content":{"rendered":"\n<p class=\"wp-block-paragraph\"><strong>Quito, Ecuador.- <\/strong>Dentro de la l\u00ednea de <strong>di\u00e1logo y participaci\u00f3n social<\/strong> de la Secretar\u00eda de Derechos Humanos (SDH), este s\u00e1bado se realiz\u00f3 la <strong>socializaci\u00f3n del Reglamento<\/strong> de Casas de Acogida y Centros de Atenci\u00f3n Integral en que uno de los principales objetivos es garantizar la atenci\u00f3n oportuna a las v\u00edctimas de violencia.<\/p>\n\n\n\n<p class=\"wp-block-paragraph\">En conversatorios virtuales en que se dieron cita <strong>m\u00e1s de 70 participantes<\/strong>, conocieron detalles del Reglamento pr\u00f3ximo a publicarse desde las autoridades de la Secretar\u00eda que ratificaron su <strong>compromiso y voluntad<\/strong> de acompa\u00f1ar este proceso en todas las necesidades operativas y administrativas que presenten las casas y centros.<\/p>\n\n\n\n<p class=\"wp-block-paragraph\">Con el firme compromiso de que el primero de abril, estar\u00e1n firmados los convenios y se trabajar\u00e1 para que no existan m\u00e1s retrasos o convenios de pago que puedan arriesgar la cobertura a las v\u00edctimas, la SDH demostr\u00f3 su apertura permanente a los diferentes pedidos e inquietudes de los asistentes, considerando la grave crisis econ\u00f3mica y de derechos humanos que atraviesa el pa\u00eds, a pesar de la cual este \u00faltimo tema es prioridad nacional.<\/p>\n\n\n\n<p class=\"wp-block-paragraph\">El proceso de construcci\u00f3n del nuevo Reglamento ha surgido de un proceso en que se acogieron las observaciones de m\u00e1s de 30 organizaciones y fundaciones a nivel nacional.<\/p>\n","protected":false},"excerpt":{"rendered":"<p class=\"excerpt\">Quito, Ecuador.- Dentro de la l\u00ednea de di\u00e1logo y participaci\u00f3n social de la Secretar\u00eda de Derechos Humanos (SDH), este s\u00e1bado se realiz\u00f3 la socializaci\u00f3n del Reglamento de Casas de Acogida y Centros de Atenci\u00f3n Integral en que uno de los principales objetivos es garantizar la atenci\u00f3n oportuna a las v\u00edctimas de violencia. En conversatorios virtuales en que se dieron cita&hellip; <a href=\"https:\/\/www.ministeriodegobierno.gob.ec\/derechoshumanos\/2022\/01\/29\/mas-de-30-organizaciones-de-mujeres-a-nivel-nacional-participan-en-socializacion-de-nuevo-reglamento-de-casas-de-acogida-y-centros-de-atencion-integral\/\">Read more &rarr;<\/a><\/p>\n","protected":false},"author":10,"featured_media":11517,"comment_status":"closed","ping_status":"closed","sticky":false,"template":"","format":"standard","meta":{"footnotes":""},"categories":[20,5,6],"tags":[],"class_list":["post-11516","post","type-post","status-publish","format-standard","has-post-thumbnail","hentry","category-boletin-de-prensa","category-noticias","category-noticias-destacadas","xfolkentry"],"_links":{"self":[{"href":"https:\/\/www.ministeriodegobierno.gob.ec\/derechoshumanos\/wp-json\/wp\/v2\/posts\/11516","targetHints":{"allow":["GET"]}}],"collection":[{"href":"https:\/\/www.ministeriodegobierno.gob.ec\/derechoshumanos\/wp-json\/wp\/v2\/posts"}],"about":[{"href":"https:\/\/www.ministeriodegobierno.gob.ec\/derechoshumanos\/wp-json\/wp\/v2\/types\/post"}],"author":[{"embeddable":true,"href":"https:\/\/www.ministeriodegobierno.gob.ec\/derechoshumanos\/wp-json\/wp\/v2\/users\/10"}],"replies":[{"embeddable":true,"href":"https:\/\/www.ministeriodegobierno.gob.ec\/derechoshumanos\/wp-json\/wp\/v2\/comments?post=11516"}],"version-history":[{"count":1,"href":"https:\/\/www.ministeriodegobierno.gob.ec\/derechoshumanos\/wp-json\/wp\/v2\/posts\/11516\/revisions"}],"predecessor-version":[{"id":11518,"href":"https:\/\/www.ministeriodegobierno.gob.ec\/derechoshumanos\/wp-json\/wp\/v2\/posts\/11516\/revisions\/11518"}],"wp:featuredmedia":[{"embeddable":true,"href":"https:\/\/www.ministeriodegobierno.gob.ec\/derechoshumanos\/wp-json\/wp\/v2\/media\/11517"}],"wp:attachment":[{"href":"https:\/\/www.ministeriodegobierno.gob.ec\/derechoshumanos\/wp-json\/wp\/v2\/media?parent=11516"}],"wp:term":[{"taxonomy":"category","embeddable":true,"href":"https:\/\/www.ministeriodegobierno.gob.ec\/derechoshumanos\/wp-json\/wp\/v2\/categories?post=11516"},{"taxonomy":"post_tag","embeddable":true,"href":"https:\/\/www.ministeriodegobierno.gob.ec\/derechoshumanos\/wp-json\/wp\/v2\/tags?post=11516"}],"curies":[{"name":"wp","href":"https:\/\/api.w.org\/{rel}","templated":true}]}}