{"id":11519,"date":"2022-01-30T23:59:45","date_gmt":"2022-01-31T04:59:45","guid":{"rendered":"https:\/\/www.derechoshumanos.gob.ec\/?p=11519"},"modified":"2022-02-02T10:27:38","modified_gmt":"2022-02-02T15:27:38","slug":"convocatoria-para-la-seleccion-suscripcion-y-ejecucion-de-convenios-de-cooperacion-tecnico-financiera-con-organizaciones-sociales-sin-fines-de-lucro-para-el-fortalecimiento-integral-a-victimas-de-vio","status":"publish","type":"post","link":"https:\/\/www.ministeriodegobierno.gob.ec\/derechoshumanos\/2022\/01\/30\/convocatoria-para-la-seleccion-suscripcion-y-ejecucion-de-convenios-de-cooperacion-tecnico-financiera-con-organizaciones-sociales-sin-fines-de-lucro-para-el-fortalecimiento-integral-a-victimas-de-vio\/","title":{"rendered":"Convocatoria para la selecci\u00f3n, suscripci\u00f3n y ejecuci\u00f3n de Convenios de Cooperaci\u00f3n T\u00e9cnico-Financiera con Organizaciones Sociales sin Fines de Lucro para el Fortalecimiento de la Atenci\u00f3n Integral a V\u00edctimas de Violencia de G\u00e9nero en el Ecuador"},"content":{"rendered":"\n<p class=\"wp-block-paragraph\">Convocatoria <a href=\"https:\/\/www.ministeriodegobierno.gob.ec\/derechoshumanos\/wp-content\/uploads\/2022\/01\/CONVOCATORIA-REV1-1.pdf\">DESCARGAR<\/a><\/p>\n\n\n\n<p class=\"wp-block-paragraph\">Resoluci\u00f3n Convocatoria SDH<strong>&#8211;<\/strong>SDH<strong>&#8211;<\/strong>2022-0008<strong>&#8211;<\/strong>R <a href=\"https:\/\/www.ministeriodegobierno.gob.ec\/derechoshumanos\/wp-content\/uploads\/2022\/01\/SDH-SDH-2022-0008-R.pdf\">DESCARGAR<\/a><\/p>\n\n\n\n<p class=\"wp-block-paragraph\">Gu\u00eda T\u00e9cnica (Anexo 7)  <a href=\"https:\/\/www.ministeriodegobierno.gob.ec\/derechoshumanos\/wp-content\/uploads\/2022\/01\/ANEXO-7-GUI\u0301A-TE\u0301CNICA-PARA-LA-PRESENTACIO\u0301N-DE-PROPUESTAS-2022-RV-LREP-1.pdf\">DESCARGAR<\/a><\/p>\n\n\n\n<p class=\"wp-block-paragraph\">ANEXO 1 : Condiciones de infraestructura CAI <a href=\"https:\/\/www.ministeriodegobierno.gob.ec\/derechoshumanos\/wp-content\/uploads\/2022\/01\/ANEXOS-1-CONDICIONES-DE-INFRAESTRUCTURA-CAI-1.pdf\">DESCARGAR<\/a><\/p>\n\n\n\n<p class=\"wp-block-paragraph\">ANEXO 2: Condiciones de infraestructura de Casas de Acogida <a href=\"https:\/\/www.ministeriodegobierno.gob.ec\/derechoshumanos\/wp-content\/uploads\/2022\/01\/ANEXOS-2-CONDICIONES-DE-INFRAESTRUCTURA-CASA-DE-ACOGIDA-1.pdf\">DESCARGAR<\/a><\/p>\n\n\n\n<p class=\"wp-block-paragraph\">ANEXO 3: Modelo Centros de Atenci\u00f3n <a href=\"https:\/\/www.ministeriodegobierno.gob.ec\/derechoshumanos\/wp-content\/uploads\/2022\/01\/ModeloCentrosdeAtencion-2.pdf\">DESCARGAR<\/a><\/p>\n\n\n\n<p class=\"wp-block-paragraph\">ANEXO 4: Modelo de gesti\u00f3n y protocolos de atenci\u00f3n Casas de Acogida <a href=\"https:\/\/www.ministeriodegobierno.gob.ec\/derechoshumanos\/wp-content\/uploads\/2022\/01\/5SRO529_20210902_compressed.pdf\">DESCARGAR<\/a><\/p>\n\n\n\n<p class=\"wp-block-paragraph\">ANEXO 5: Perfiles de personal t\u00e9cnico <a href=\"https:\/\/www.ministeriodegobierno.gob.ec\/derechoshumanos\/wp-content\/uploads\/2022\/01\/ANEXO-5-PERFILES-1.pdf\">DESCARGAR<\/a><\/p>\n\n\n\n<p class=\"wp-block-paragraph\">ANEXO 6: Rubros m\u00e1ximos anuales <a href=\"https:\/\/www.ministeriodegobierno.gob.ec\/derechoshumanos\/wp-content\/uploads\/2022\/02\/ANEXO-6-RUBROS-MAXIMOS-ANUALES_vf.pdf\">DESCARGAR<\/a><\/p>\n\n\n\n<p class=\"wp-block-paragraph\"><\/p>\n","protected":false},"excerpt":{"rendered":"<p class=\"excerpt\">Convocatoria DESCARGAR Resoluci\u00f3n Convocatoria SDH&#8211;SDH&#8211;2022-0008&#8211;R DESCARGAR Gu\u00eda T\u00e9cnica (Anexo 7) DESCARGAR ANEXO 1 : Condiciones de infraestructura CAI DESCARGAR ANEXO 2: Condiciones de infraestructura de Casas de Acogida DESCARGAR ANEXO 3: Modelo Centros de Atenci\u00f3n DESCARGAR ANEXO 4: Modelo de gesti\u00f3n y protocolos de atenci\u00f3n Casas de Acogida DESCARGAR ANEXO 5: Perfiles de personal t\u00e9cnico DESCARGAR ANEXO 6: Rubros m\u00e1ximos&hellip; <a href=\"https:\/\/www.ministeriodegobierno.gob.ec\/derechoshumanos\/2022\/01\/30\/convocatoria-para-la-seleccion-suscripcion-y-ejecucion-de-convenios-de-cooperacion-tecnico-financiera-con-organizaciones-sociales-sin-fines-de-lucro-para-el-fortalecimiento-integral-a-victimas-de-vio\/\">Read more &rarr;<\/a><\/p>\n","protected":false},"author":10,"featured_media":11520,"comment_status":"closed","ping_status":"closed","sticky":false,"template":"","format":"standard","meta":{"footnotes":""},"categories":[5,6],"tags":[],"class_list":["post-11519","post","type-post","status-publish","format-standard","has-post-thumbnail","hentry","category-noticias","category-noticias-destacadas","xfolkentry"],"_links":{"self":[{"href":"https:\/\/www.ministeriodegobierno.gob.ec\/derechoshumanos\/wp-json\/wp\/v2\/posts\/11519","targetHints":{"allow":["GET"]}}],"collection":[{"href":"https:\/\/www.ministeriodegobierno.gob.ec\/derechoshumanos\/wp-json\/wp\/v2\/posts"}],"about":[{"href":"https:\/\/www.ministeriodegobierno.gob.ec\/derechoshumanos\/wp-json\/wp\/v2\/types\/post"}],"author":[{"embeddable":true,"href":"https:\/\/www.ministeriodegobierno.gob.ec\/derechoshumanos\/wp-json\/wp\/v2\/users\/10"}],"replies":[{"embeddable":true,"href":"https:\/\/www.ministeriodegobierno.gob.ec\/derechoshumanos\/wp-json\/wp\/v2\/comments?post=11519"}],"version-history":[{"count":9,"href":"https:\/\/www.ministeriodegobierno.gob.ec\/derechoshumanos\/wp-json\/wp\/v2\/posts\/11519\/revisions"}],"predecessor-version":[{"id":11576,"href":"https:\/\/www.ministeriodegobierno.gob.ec\/derechoshumanos\/wp-json\/wp\/v2\/posts\/11519\/revisions\/11576"}],"wp:featuredmedia":[{"embeddable":true,"href":"https:\/\/www.ministeriodegobierno.gob.ec\/derechoshumanos\/wp-json\/wp\/v2\/media\/11520"}],"wp:attachment":[{"href":"https:\/\/www.ministeriodegobierno.gob.ec\/derechoshumanos\/wp-json\/wp\/v2\/media?parent=11519"}],"wp:term":[{"taxonomy":"category","embeddable":true,"href":"https:\/\/www.ministeriodegobierno.gob.ec\/derechoshumanos\/wp-json\/wp\/v2\/categories?post=11519"},{"taxonomy":"post_tag","embeddable":true,"href":"https:\/\/www.ministeriodegobierno.gob.ec\/derechoshumanos\/wp-json\/wp\/v2\/tags?post=11519"}],"curies":[{"name":"wp","href":"https:\/\/api.w.org\/{rel}","templated":true}]}}