{"id":11533,"date":"2022-01-31T15:26:32","date_gmt":"2022-01-31T20:26:32","guid":{"rendered":"https:\/\/www.derechoshumanos.gob.ec\/?p=11533"},"modified":"2022-01-31T15:26:33","modified_gmt":"2022-01-31T20:26:33","slug":"reglamento-de-procedimiento-de-seleccion-suscripcion-y-ejecucion-de-convenios-de-cooperacion-tecnico-financiera-con-organizaciones-sociales-sin-fines-de-lucro-para-el-fortalecimiento-de-la-atencion-i","status":"publish","type":"post","link":"https:\/\/www.ministeriodegobierno.gob.ec\/derechoshumanos\/2022\/01\/31\/reglamento-de-procedimiento-de-seleccion-suscripcion-y-ejecucion-de-convenios-de-cooperacion-tecnico-financiera-con-organizaciones-sociales-sin-fines-de-lucro-para-el-fortalecimiento-de-la-atencion-i\/","title":{"rendered":"Reglamento de Procedimiento de selecci\u00f3n, suscripci\u00f3n y ejecuci\u00f3n de Convenios de Cooperaci\u00f3n T\u00e9cnico-Financiera con Organizaciones Sociales sin Fines de Lucro para el Fortalecimiento de la Atenci\u00f3n Integral a V\u00edctimas de Violencia de G\u00e9nero en el Ecuador"},"content":{"rendered":"\n<p class=\"wp-block-paragraph\">Resoluci\u00f3n del reglamento SDH-SDH-2022-0006-R 2 <a href=\"https:\/\/www.ministeriodegobierno.gob.ec\/derechoshumanos\/wp-content\/uploads\/2022\/01\/SDH-SDH-2022-0006-R-2.pdf\">DESCARGAR<\/a><\/p>\n","protected":false},"excerpt":{"rendered":"<p class=\"excerpt\">Resoluci\u00f3n del reglamento SDH-SDH-2022-0006-R 2 DESCARGAR <a href=\"https:\/\/www.ministeriodegobierno.gob.ec\/derechoshumanos\/2022\/01\/31\/reglamento-de-procedimiento-de-seleccion-suscripcion-y-ejecucion-de-convenios-de-cooperacion-tecnico-financiera-con-organizaciones-sociales-sin-fines-de-lucro-para-el-fortalecimiento-de-la-atencion-i\/\">Read more &rarr;<\/a><\/p>\n","protected":false},"author":10,"featured_media":11542,"comment_status":"closed","ping_status":"closed","sticky":false,"template":"","format":"standard","meta":{"footnotes":""},"categories":[5,6,1],"tags":[],"class_list":["post-11533","post","type-post","status-publish","format-standard","has-post-thumbnail","hentry","category-noticias","category-noticias-destacadas","category-sin-categoria","xfolkentry"],"_links":{"self":[{"href":"https:\/\/www.ministeriodegobierno.gob.ec\/derechoshumanos\/wp-json\/wp\/v2\/posts\/11533","targetHints":{"allow":["GET"]}}],"collection":[{"href":"https:\/\/www.ministeriodegobierno.gob.ec\/derechoshumanos\/wp-json\/wp\/v2\/posts"}],"about":[{"href":"https:\/\/www.ministeriodegobierno.gob.ec\/derechoshumanos\/wp-json\/wp\/v2\/types\/post"}],"author":[{"embeddable":true,"href":"https:\/\/www.ministeriodegobierno.gob.ec\/derechoshumanos\/wp-json\/wp\/v2\/users\/10"}],"replies":[{"embeddable":true,"href":"https:\/\/www.ministeriodegobierno.gob.ec\/derechoshumanos\/wp-json\/wp\/v2\/comments?post=11533"}],"version-history":[{"count":2,"href":"https:\/\/www.ministeriodegobierno.gob.ec\/derechoshumanos\/wp-json\/wp\/v2\/posts\/11533\/revisions"}],"predecessor-version":[{"id":11550,"href":"https:\/\/www.ministeriodegobierno.gob.ec\/derechoshumanos\/wp-json\/wp\/v2\/posts\/11533\/revisions\/11550"}],"wp:featuredmedia":[{"embeddable":true,"href":"https:\/\/www.ministeriodegobierno.gob.ec\/derechoshumanos\/wp-json\/wp\/v2\/media\/11542"}],"wp:attachment":[{"href":"https:\/\/www.ministeriodegobierno.gob.ec\/derechoshumanos\/wp-json\/wp\/v2\/media?parent=11533"}],"wp:term":[{"taxonomy":"category","embeddable":true,"href":"https:\/\/www.ministeriodegobierno.gob.ec\/derechoshumanos\/wp-json\/wp\/v2\/categories?post=11533"},{"taxonomy":"post_tag","embeddable":true,"href":"https:\/\/www.ministeriodegobierno.gob.ec\/derechoshumanos\/wp-json\/wp\/v2\/tags?post=11533"}],"curies":[{"name":"wp","href":"https:\/\/api.w.org\/{rel}","templated":true}]}}