{"id":11552,"date":"2022-01-31T15:53:49","date_gmt":"2022-01-31T20:53:49","guid":{"rendered":"https:\/\/www.derechoshumanos.gob.ec\/?p=11552"},"modified":"2022-01-31T15:53:49","modified_gmt":"2022-01-31T20:53:49","slug":"secretaria-de-derechos-humanos-lanza-convocatoria-para-la-seleccion-suscripcion-y-ejecucion-de-convenios-de-cooperacion-con-casas-de-acogida-y-centros-de-atencion-integral","status":"publish","type":"post","link":"https:\/\/www.ministeriodegobierno.gob.ec\/derechoshumanos\/2022\/01\/31\/secretaria-de-derechos-humanos-lanza-convocatoria-para-la-seleccion-suscripcion-y-ejecucion-de-convenios-de-cooperacion-con-casas-de-acogida-y-centros-de-atencion-integral\/","title":{"rendered":"Secretar\u00eda de Derechos Humanos lanza convocatoria para la selecci\u00f3n, suscripci\u00f3n y ejecuci\u00f3n de Convenios de Cooperaci\u00f3n con Casas de Acogida y Centros de Atenci\u00f3n Integral"},"content":{"rendered":"\n<p class=\"wp-block-paragraph\"><\/p>\n\n\n\n<p class=\"wp-block-paragraph\"><strong>Quito, Ecuador.-<\/strong> La Secretar\u00eda de Derechos Humanos lanz\u00f3 hoy la convocatoria que inicia el proceso de selecci\u00f3n y suscripci\u00f3n de convenios de cooperaci\u00f3n t\u00e9cnico-financiera con organizaciones sociales sin fines de lucro (Casas de Acogida y Centros de Atenci\u00f3n Integral) para el fortalecimiento de atenci\u00f3n integral a v\u00edctimas de violencia de g\u00e9nero, con lo que se garantiza la atenci\u00f3n oportuna y sostenible de v\u00edctimas y sobrevivientes de violencia.<\/p>\n\n\n\n<p class=\"wp-block-paragraph\">El presupuesto del a\u00f1o 2022, desde enero hasta diciembre es de 2,17 millones de d\u00f3lares para los convenios de fortalecimiento a Centros de Atenci\u00f3n Integral y Casas de Acogida.<\/p>\n\n\n\n<p class=\"wp-block-paragraph\">Durante todo el mes de enero, se trabaj\u00f3 articuladamente con m\u00e1s de 30 organizaciones sociales para contar con procesos \u00e1giles y din\u00e1micos para la firma de convenios y uso eficiente de los recursos en que se mantiene vigente el modelo de atenci\u00f3n trabajado por las Casas de Acogida y los Centros, con la asesor\u00eda de la Cooperaci\u00f3n Alemana GIZ.<\/p>\n\n\n\n<p class=\"wp-block-paragraph\">Entre las mejoras, constan el<strong> <\/strong>incremento en el presupuesto de alimentaci\u00f3n (de 22.500 a 25.000 d\u00f3lares), as\u00ed como en los rubros de autocuidado personal y de bioseguridad por la pandemia (de 5.000 a 5.500) y se equipararon los sueldos al monto m\u00e1ximo para administrador\/a, abogado\/a, psic\u00f3logo\/a, trabajador\/a social y gestor\/a de atenci\u00f3n (facilitador\/a).<\/p>\n\n\n\n<p class=\"wp-block-paragraph\">Esta convocatoria cuenta con los siguientes plazos establecidos para que el 1\u00ba. de abril est\u00e9n firmados los convenios.<\/p>\n\n\n\n<figure class=\"wp-block-table\"><table><tbody><tr><td><strong>DESCRIPCI\u00d3N<\/strong><\/td><td><strong>DESDE<\/strong><\/td><td><strong>HASTA<\/strong><\/td><\/tr><tr><td><strong>Publicaci\u00f3n de convocatoria<\/strong><\/td><td><strong>31\/01\/2022<\/strong><\/td><td><strong>21\/02\/2022<\/strong><\/td><\/tr><tr><td>Periodo de recepci\u00f3n de preguntas de las Organizaciones Sociales<\/td><td>01\/02\/\/2022<\/td><td>03\/02\/2022<\/td><\/tr><tr><td>Periodo de emisi\u00f3n de respuestas y aclaraciones desde la Secretar\u00eda de Derechos Humanos<\/td><td>04\/02\/2022<\/td><td>07\/02\/2022<\/td><\/tr><tr><td><strong>Periodo para la entrega de propuestas<\/strong><\/td><td><strong>08\/02\/2022<\/strong><\/td><td><strong>21\/02\/2022<\/strong><\/td><\/tr><tr><td>Apertura de propuestas<\/td><td>22\/02\/2022<\/td><td>22\/02\/2022<\/td><\/tr><tr><td>Revisi\u00f3n de propuestas<\/td><td>23\/02\/2022<\/td><td>03\/03\/2022<\/td><\/tr><tr><td>Periodo de solicitud de convalidaci\u00f3n de errores<\/td><td>04\/03\/2022<\/td><td>04\/03\/2022<\/td><\/tr><tr><td>Periodo de convalidaci\u00f3n de errores<\/td><td>07\/03\/2022<\/td><td>11\/03\/2022<\/td><\/tr><tr><td>Periodo de an\u00e1lisis, evaluaci\u00f3n y calificaci\u00f3n<\/td><td>14\/03\/2022<\/td><td>21\/03\/2022<\/td><\/tr><tr><td>Publicaci\u00f3n y comunicaci\u00f3n de resultados<\/td><td>22\/03\/2022<\/td><td>22\/03\/2022<\/td><\/tr><tr><td>Periodo para entrega de documentos habilitantes<\/td><td>23\/03\/2022<\/td><td>28\/03\/2022<\/td><\/tr><tr><td>Fecha estimada de suscripci\u00f3n del Convenio<\/td><td>29\/03\/2022<\/td><td>31\/03\/2022<\/td><\/tr><\/tbody><\/table><\/figure>\n\n\n\n<p class=\"wp-block-paragraph\">Los requisitos y procesos constan en: https:\/\/bit.ly\/3GgaFPa<\/p>\n\n\n\n<p class=\"wp-block-paragraph\"><\/p>\n","protected":false},"excerpt":{"rendered":"<p class=\"excerpt\">Quito, Ecuador.- La Secretar\u00eda de Derechos Humanos lanz\u00f3 hoy la convocatoria que inicia el proceso de selecci\u00f3n y suscripci\u00f3n de convenios de cooperaci\u00f3n t\u00e9cnico-financiera con organizaciones sociales sin fines de lucro (Casas de Acogida y Centros de Atenci\u00f3n Integral) para el fortalecimiento de atenci\u00f3n integral a v\u00edctimas de violencia de g\u00e9nero, con lo que se garantiza la atenci\u00f3n oportuna y&hellip; <a href=\"https:\/\/www.ministeriodegobierno.gob.ec\/derechoshumanos\/2022\/01\/31\/secretaria-de-derechos-humanos-lanza-convocatoria-para-la-seleccion-suscripcion-y-ejecucion-de-convenios-de-cooperacion-con-casas-de-acogida-y-centros-de-atencion-integral\/\">Read more &rarr;<\/a><\/p>\n","protected":false},"author":6,"featured_media":9958,"comment_status":"closed","ping_status":"closed","sticky":false,"template":"","format":"standard","meta":{"footnotes":""},"categories":[20,5,6],"tags":[],"class_list":["post-11552","post","type-post","status-publish","format-standard","has-post-thumbnail","hentry","category-boletin-de-prensa","category-noticias","category-noticias-destacadas","xfolkentry"],"_links":{"self":[{"href":"https:\/\/www.ministeriodegobierno.gob.ec\/derechoshumanos\/wp-json\/wp\/v2\/posts\/11552","targetHints":{"allow":["GET"]}}],"collection":[{"href":"https:\/\/www.ministeriodegobierno.gob.ec\/derechoshumanos\/wp-json\/wp\/v2\/posts"}],"about":[{"href":"https:\/\/www.ministeriodegobierno.gob.ec\/derechoshumanos\/wp-json\/wp\/v2\/types\/post"}],"author":[{"embeddable":true,"href":"https:\/\/www.ministeriodegobierno.gob.ec\/derechoshumanos\/wp-json\/wp\/v2\/users\/6"}],"replies":[{"embeddable":true,"href":"https:\/\/www.ministeriodegobierno.gob.ec\/derechoshumanos\/wp-json\/wp\/v2\/comments?post=11552"}],"version-history":[{"count":1,"href":"https:\/\/www.ministeriodegobierno.gob.ec\/derechoshumanos\/wp-json\/wp\/v2\/posts\/11552\/revisions"}],"predecessor-version":[{"id":11554,"href":"https:\/\/www.ministeriodegobierno.gob.ec\/derechoshumanos\/wp-json\/wp\/v2\/posts\/11552\/revisions\/11554"}],"wp:featuredmedia":[{"embeddable":true,"href":"https:\/\/www.ministeriodegobierno.gob.ec\/derechoshumanos\/wp-json\/wp\/v2\/media\/9958"}],"wp:attachment":[{"href":"https:\/\/www.ministeriodegobierno.gob.ec\/derechoshumanos\/wp-json\/wp\/v2\/media?parent=11552"}],"wp:term":[{"taxonomy":"category","embeddable":true,"href":"https:\/\/www.ministeriodegobierno.gob.ec\/derechoshumanos\/wp-json\/wp\/v2\/categories?post=11552"},{"taxonomy":"post_tag","embeddable":true,"href":"https:\/\/www.ministeriodegobierno.gob.ec\/derechoshumanos\/wp-json\/wp\/v2\/tags?post=11552"}],"curies":[{"name":"wp","href":"https:\/\/api.w.org\/{rel}","templated":true}]}}