{"id":11558,"date":"2022-01-31T13:09:00","date_gmt":"2022-01-31T18:09:00","guid":{"rendered":"https:\/\/www.derechoshumanos.gob.ec\/?p=11558"},"modified":"2022-02-01T13:13:03","modified_gmt":"2022-02-01T18:13:03","slug":"la-politica-publica-de-rehabilitacion-social-del-ecuador-contendra-10-ejes-de-trabajo","status":"publish","type":"post","link":"https:\/\/www.ministeriodegobierno.gob.ec\/derechoshumanos\/2022\/01\/31\/la-politica-publica-de-rehabilitacion-social-del-ecuador-contendra-10-ejes-de-trabajo\/","title":{"rendered":"La Pol\u00edtica P\u00fablica de Rehabilitaci\u00f3n Social del Ecuador contendr\u00e1 10 ejes de trabajo"},"content":{"rendered":"\n<p class=\"wp-block-paragraph\"><strong>Quito, Ecuador. \u2013<\/strong> El Directorio del Organismo T\u00e9cnico del Sistema Nacional de Rehabilitaci\u00f3n Social (SNRS), avanza en la construcci\u00f3n de la Pol\u00edtica P\u00fablica de Rehabilitaci\u00f3n Social como uno de los compromisos urgentes y prioritarios; por lo que a trav\u00e9s de la mesa t\u00e9cnica liderada por la Secretar\u00eda de Derechos Humanos del Ecuador mantuvo reuniones bilaterales con las instituciones parte, durante la semana del 24 al 28 de enero del 2022.<\/p>\n\n\n\n<p class=\"wp-block-paragraph\">Esta cartera de Estado a trav\u00e9s de la Direcci\u00f3n de Pol\u00edtica Integral y Promoci\u00f3n de Derechos Humanos convoc\u00f3 a las instituciones competentes para el efecto: Ministerio de Salud P\u00fablica; Ministerio del Trabajo; Ministerio de Educaci\u00f3n; Ministerio de Inclusi\u00f3n Econ\u00f3mica y Social; Ministerio de Cultura y Patrimonio; Ministerio de Deporte; y Servicio Nacional de Atenci\u00f3n Integral a Personas Adultas Privadas de la Libertad y a Adolescentes Infractores; e incluy\u00f3 tambi\u00e9n al Ministerio de Gobierno; y Secretar\u00eda de Educaci\u00f3n Superior, Ciencia, Tecnolog\u00eda e Innovaci\u00f3n; debido a su &nbsp;relevancia en la construcci\u00f3n de la pol\u00edtica p\u00fablica.<\/p>\n\n\n\n<p class=\"wp-block-paragraph\">Durante esta semana de trabajo permanente se revisaron los avances y la vinculaci\u00f3n de cada instituci\u00f3n miembro de la mesa t\u00e9cnica con los ejes y las 216 l\u00edneas de trabajo identificados; tambi\u00e9n se coordinaron las actividades espec\u00edficas y se definieron metas e indicadores.<\/p>\n\n\n\n<p class=\"wp-block-paragraph\">Hasta la fecha, la Pol\u00edtica P\u00fablica de Rehabilitaci\u00f3n Social tiene avances significativos en los apartados de: Normativa, Diagn\u00f3stico, Enfoques, Ejes de Trabajo. Adem\u00e1s, se defini\u00f3 el trabajo en 10 ejes: salud, educaci\u00f3n, trabajo, social y arraigo, rehabilitaci\u00f3n, cultura, deporte, informaci\u00f3n, infraestructura, recursos humanos; y se agreg\u00f3 el eje transversal de alianzas, convenios y cooperaci\u00f3n.<\/p>\n\n\n\n<p class=\"wp-block-paragraph\">En todo el proceso de construcci\u00f3n de la pol\u00edtica p\u00fablica de rehabilitaci\u00f3n social se han realizado alrededor de 56 reuniones bilaterales; adem\u00e1s de varios encuentros con organizaciones de la sociedad civil y la academia. En todos estos espacios, se cont\u00f3 con el apoyo de un experto en materia de rehabilitaci\u00f3n social representante del Alto Comisionado de las Naciones Unidas para los Derechos Humanos (ACNUDH).<\/p>\n\n\n\n<p class=\"wp-block-paragraph\">La Presidenta del Directorio del Organismo T\u00e9cnico del Sistema Nacional de Rehabilitaci\u00f3n Social, Bernarda Ord\u00f3\u00f1ez Moscoso, ha ratificado su compromiso de avanzar en el cumplimiento de los compromisos asumidos desde el 01 de octubre de 2021, para las reformas de la normativa y la actualizaci\u00f3n de la pol\u00edtica p\u00fablica con enfoque en derechos humanos en el marco de las atribuciones del Directorio del Organismo T\u00e9cnico.<\/p>\n","protected":false},"excerpt":{"rendered":"<p class=\"excerpt\">Quito, Ecuador. \u2013 El Directorio del Organismo T\u00e9cnico del Sistema Nacional de Rehabilitaci\u00f3n Social (SNRS), avanza en la construcci\u00f3n de la Pol\u00edtica P\u00fablica de Rehabilitaci\u00f3n Social como uno de los compromisos urgentes y prioritarios; por lo que a trav\u00e9s de la mesa t\u00e9cnica liderada por la Secretar\u00eda de Derechos Humanos del Ecuador mantuvo reuniones bilaterales con las instituciones parte, durante&hellip; <a href=\"https:\/\/www.ministeriodegobierno.gob.ec\/derechoshumanos\/2022\/01\/31\/la-politica-publica-de-rehabilitacion-social-del-ecuador-contendra-10-ejes-de-trabajo\/\">Read more &rarr;<\/a><\/p>\n","protected":false},"author":6,"featured_media":9958,"comment_status":"closed","ping_status":"closed","sticky":false,"template":"","format":"standard","meta":{"footnotes":""},"categories":[20,5,6],"tags":[],"class_list":["post-11558","post","type-post","status-publish","format-standard","has-post-thumbnail","hentry","category-boletin-de-prensa","category-noticias","category-noticias-destacadas","xfolkentry"],"_links":{"self":[{"href":"https:\/\/www.ministeriodegobierno.gob.ec\/derechoshumanos\/wp-json\/wp\/v2\/posts\/11558","targetHints":{"allow":["GET"]}}],"collection":[{"href":"https:\/\/www.ministeriodegobierno.gob.ec\/derechoshumanos\/wp-json\/wp\/v2\/posts"}],"about":[{"href":"https:\/\/www.ministeriodegobierno.gob.ec\/derechoshumanos\/wp-json\/wp\/v2\/types\/post"}],"author":[{"embeddable":true,"href":"https:\/\/www.ministeriodegobierno.gob.ec\/derechoshumanos\/wp-json\/wp\/v2\/users\/6"}],"replies":[{"embeddable":true,"href":"https:\/\/www.ministeriodegobierno.gob.ec\/derechoshumanos\/wp-json\/wp\/v2\/comments?post=11558"}],"version-history":[{"count":1,"href":"https:\/\/www.ministeriodegobierno.gob.ec\/derechoshumanos\/wp-json\/wp\/v2\/posts\/11558\/revisions"}],"predecessor-version":[{"id":11559,"href":"https:\/\/www.ministeriodegobierno.gob.ec\/derechoshumanos\/wp-json\/wp\/v2\/posts\/11558\/revisions\/11559"}],"wp:featuredmedia":[{"embeddable":true,"href":"https:\/\/www.ministeriodegobierno.gob.ec\/derechoshumanos\/wp-json\/wp\/v2\/media\/9958"}],"wp:attachment":[{"href":"https:\/\/www.ministeriodegobierno.gob.ec\/derechoshumanos\/wp-json\/wp\/v2\/media?parent=11558"}],"wp:term":[{"taxonomy":"category","embeddable":true,"href":"https:\/\/www.ministeriodegobierno.gob.ec\/derechoshumanos\/wp-json\/wp\/v2\/categories?post=11558"},{"taxonomy":"post_tag","embeddable":true,"href":"https:\/\/www.ministeriodegobierno.gob.ec\/derechoshumanos\/wp-json\/wp\/v2\/tags?post=11558"}],"curies":[{"name":"wp","href":"https:\/\/api.w.org\/{rel}","templated":true}]}}