{"id":11577,"date":"2022-02-02T16:47:15","date_gmt":"2022-02-02T21:47:15","guid":{"rendered":"https:\/\/www.derechoshumanos.gob.ec\/?p=11577"},"modified":"2022-02-02T16:47:16","modified_gmt":"2022-02-02T21:47:16","slug":"en-chimborazo-secretaria-de-derechos-humanos-coordino-acciones-para-restituir-derechos-de-familias-sobrevivientes-de-violencia","status":"publish","type":"post","link":"https:\/\/www.ministeriodegobierno.gob.ec\/derechoshumanos\/2022\/02\/02\/en-chimborazo-secretaria-de-derechos-humanos-coordino-acciones-para-restituir-derechos-de-familias-sobrevivientes-de-violencia\/","title":{"rendered":"En Chimborazo: Secretar\u00eda de Derechos Humanos coordin\u00f3 acciones para restituir derechos de familias sobrevivientes de violencia"},"content":{"rendered":"\n<p class=\"wp-block-paragraph\"><\/p>\n\n\n\n<p class=\"wp-block-paragraph\"><\/p>\n\n\n\n<p class=\"wp-block-paragraph\"><strong>Guamote, Ecuador<\/strong>.- La Secretar\u00eda de Derechos Humanos (SDH) coordin\u00f3 acciones para restituir los derechos de cinco familias sobrevivientes de violencia y discriminaci\u00f3n por parte de la comunidad de Chismaute Yurak Rumi.<\/p>\n\n\n\n<p class=\"wp-block-paragraph\">\u201cEl trabajo en la defensa de los derechos humanos est\u00e1 presente d\u00eda a d\u00eda en el seguimiento y acompa\u00f1amiento a nuestros usuarios, con quienes trabajamos de la mano en la restituci\u00f3n y reparaci\u00f3n de sus derechos gracias al trabajo articulado entre las instituciones del Estado\u201d, declar\u00f3 Daniela S\u00e1nchez Sevilla, Coordinadora de la Oficina T\u00e9cnica Zonal 3.<\/p>\n\n\n\n<p class=\"wp-block-paragraph\">El equipo t\u00e9cnico del Servicio de Protecci\u00f3n Integral (SPI) se reuni\u00f3 con los representantes de la comunidad, de la Defensor\u00eda del Pueblo y de la familia afectada para conocer el caso y construir una hoja de ruta para brindar atenci\u00f3n integral.<\/p>\n\n\n\n<p class=\"wp-block-paragraph\">Este caso se present\u00f3 por la solicitud de abrir un camino de uso vecinal por las propiedades de la familia, la cual que no autoriz\u00f3 el requerimiento y por eso fue amedrentada, violentada, excluida y afectada por parte de directivos y personas de la comunidad Chismaute Yurak Rumi, desde el 11 de julio del 2017.<\/p>\n\n\n\n<p class=\"wp-block-paragraph\">Entre las acciones que adopt\u00f3 la comunidad constaron la restricci\u00f3n de la atenci\u00f3n en sus instalaciones, como tienda comunal, canchas de v\u00f3ley, que ning\u00fan transporte les brinde el servicio de movilizaci\u00f3n, prohibici\u00f3n del saludo o encuentro con alg\u00fan amigo o familiar, ya que establecieron sanciones con una multa de 40 d\u00f3lares para quienes incumplan las disposiciones y de 100 d\u00f3lares para propietarios de los veh\u00edculos que los transporten.<\/p>\n\n\n\n<p class=\"wp-block-paragraph\">El SPI realizar\u00e1 un proceso de atenci\u00f3n psicol\u00f3gica, seguimiento, acompa\u00f1amiento en el proceso de exigibilidad y restituci\u00f3n de los derechos de las familias vulneradas.<\/p>\n","protected":false},"excerpt":{"rendered":"<p class=\"excerpt\">Guamote, Ecuador.- La Secretar\u00eda de Derechos Humanos (SDH) coordin\u00f3 acciones para restituir los derechos de cinco familias sobrevivientes de violencia y discriminaci\u00f3n por parte de la comunidad de Chismaute Yurak Rumi. \u201cEl trabajo en la defensa de los derechos humanos est\u00e1 presente d\u00eda a d\u00eda en el seguimiento y acompa\u00f1amiento a nuestros usuarios, con quienes trabajamos de la mano en&hellip; <a href=\"https:\/\/www.ministeriodegobierno.gob.ec\/derechoshumanos\/2022\/02\/02\/en-chimborazo-secretaria-de-derechos-humanos-coordino-acciones-para-restituir-derechos-de-familias-sobrevivientes-de-violencia\/\">Read more &rarr;<\/a><\/p>\n","protected":false},"author":6,"featured_media":11578,"comment_status":"closed","ping_status":"closed","sticky":false,"template":"","format":"standard","meta":{"footnotes":""},"categories":[20,5,6],"tags":[],"class_list":["post-11577","post","type-post","status-publish","format-standard","has-post-thumbnail","hentry","category-boletin-de-prensa","category-noticias","category-noticias-destacadas","xfolkentry"],"_links":{"self":[{"href":"https:\/\/www.ministeriodegobierno.gob.ec\/derechoshumanos\/wp-json\/wp\/v2\/posts\/11577","targetHints":{"allow":["GET"]}}],"collection":[{"href":"https:\/\/www.ministeriodegobierno.gob.ec\/derechoshumanos\/wp-json\/wp\/v2\/posts"}],"about":[{"href":"https:\/\/www.ministeriodegobierno.gob.ec\/derechoshumanos\/wp-json\/wp\/v2\/types\/post"}],"author":[{"embeddable":true,"href":"https:\/\/www.ministeriodegobierno.gob.ec\/derechoshumanos\/wp-json\/wp\/v2\/users\/6"}],"replies":[{"embeddable":true,"href":"https:\/\/www.ministeriodegobierno.gob.ec\/derechoshumanos\/wp-json\/wp\/v2\/comments?post=11577"}],"version-history":[{"count":1,"href":"https:\/\/www.ministeriodegobierno.gob.ec\/derechoshumanos\/wp-json\/wp\/v2\/posts\/11577\/revisions"}],"predecessor-version":[{"id":11579,"href":"https:\/\/www.ministeriodegobierno.gob.ec\/derechoshumanos\/wp-json\/wp\/v2\/posts\/11577\/revisions\/11579"}],"wp:featuredmedia":[{"embeddable":true,"href":"https:\/\/www.ministeriodegobierno.gob.ec\/derechoshumanos\/wp-json\/wp\/v2\/media\/11578"}],"wp:attachment":[{"href":"https:\/\/www.ministeriodegobierno.gob.ec\/derechoshumanos\/wp-json\/wp\/v2\/media?parent=11577"}],"wp:term":[{"taxonomy":"category","embeddable":true,"href":"https:\/\/www.ministeriodegobierno.gob.ec\/derechoshumanos\/wp-json\/wp\/v2\/categories?post=11577"},{"taxonomy":"post_tag","embeddable":true,"href":"https:\/\/www.ministeriodegobierno.gob.ec\/derechoshumanos\/wp-json\/wp\/v2\/tags?post=11577"}],"curies":[{"name":"wp","href":"https:\/\/api.w.org\/{rel}","templated":true}]}}