{"id":11580,"date":"2022-01-27T12:31:00","date_gmt":"2022-01-27T17:31:00","guid":{"rendered":"https:\/\/www.derechoshumanos.gob.ec\/?p=11580"},"modified":"2022-02-03T12:33:30","modified_gmt":"2022-02-03T17:33:30","slug":"en-loja-secretaria-de-derechos-humanos-socializa-acciones-y-planes-ante-asambleistas","status":"publish","type":"post","link":"https:\/\/www.ministeriodegobierno.gob.ec\/derechoshumanos\/2022\/01\/27\/en-loja-secretaria-de-derechos-humanos-socializa-acciones-y-planes-ante-asambleistas\/","title":{"rendered":"En Loja: Secretar\u00eda de Derechos Humanos socializa acciones y planes ante asamble\u00edstas"},"content":{"rendered":"\n<p class=\"wp-block-paragraph\"><\/p>\n\n\n\n<p class=\"wp-block-paragraph\"><strong>Loja, Ecuador.- <\/strong>La Coordinadora de la Oficina T\u00e9cnica Zonal 7, Sophia Cueva Mej\u00eda, se reuni\u00f3 con los asamble\u00edstas de la provincia de Loja para socializar las acciones ejecutadas durante el a\u00f1o 2021 e informar sobre los proyectos a implementarse durante este a\u00f1o, dentro de las competencias de la Secretar\u00eda de Derechos Humanos (SDH).<\/p>\n\n\n\n<p class=\"wp-block-paragraph\">Cueva resalt\u00f3 el compromiso de la Secretaria de Derechos Humanos, Bernarda Ord\u00f3\u00f1ez Moscoso, para trabajar en la prevenci\u00f3n de toda forma de violencia hacia las ni\u00f1as y mujeres del Ecuador, e indic\u00f3 que uno de los proyectos clave de esta instituci\u00f3n son los Centros Violeta, que &nbsp;tienen como objetivo generar espacios de atenci\u00f3n integral que brinden servicios especializados a ni\u00f1as, ni\u00f1os, adolescentes, mujeres y adultas mayores sobrevivientes de violencia y que se encuentren en situaciones de vulnerabilidad o de riesgo.<\/p>\n\n\n\n<p class=\"wp-block-paragraph\">Adem\u00e1s, indic\u00f3 que la Zona 7, conformada por las provincias de El Oro, Loja y Zamora Chinchipe, cuenta con equipos multidisciplinarios compuestos por abogados, trabajadoras sociales y psic\u00f3logas cl\u00ednicas, en Servicios de Protecci\u00f3n Integral ubicados en Loja, Calvas, Portovelo, Huaquillas, Machala y Zamora.<\/p>\n\n\n\n<p class=\"wp-block-paragraph\">En presupuesto anual previsto es de dos millones de d\u00f3lares que se destinar\u00e1 al fortalecimiento de los Centros de Atenci\u00f3n Integral y las Casas de Acogida que reciben a mujeres que han sufrido alg\u00fan tipo de violencia.<\/p>\n\n\n\n<p class=\"wp-block-paragraph\">La Secretar\u00eda genera espacios de di\u00e1logo dentro de su rol de coordinar acciones entre las entidades p\u00fablicas de todo nivel, y, por ende, con la funci\u00f3n legislativa para generar y ejecutar pol\u00edticas p\u00fablicas de prevenci\u00f3n y erradicaci\u00f3n de violencia, sobre todo para&nbsp; ni\u00f1as, adolescentes y mujeres del pa\u00eds, construyendo as\u00ed un Ecuador con E de Equidad.<\/p>\n\n\n\n<p class=\"wp-block-paragraph\">En la reuni\u00f3n estuvieron presentes los asamble\u00edstas Johana Ortiz Villavicencio, Luc\u00eda Placencia Tapia, Manuel Medina y Ren\u00e9 Ortega Riofrio, asesor del legislador Byron Maldonado Ontaneda.<\/p>\n","protected":false},"excerpt":{"rendered":"<p class=\"excerpt\">Loja, Ecuador.- La Coordinadora de la Oficina T\u00e9cnica Zonal 7, Sophia Cueva Mej\u00eda, se reuni\u00f3 con los asamble\u00edstas de la provincia de Loja para socializar las acciones ejecutadas durante el a\u00f1o 2021 e informar sobre los proyectos a implementarse durante este a\u00f1o, dentro de las competencias de la Secretar\u00eda de Derechos Humanos (SDH). Cueva resalt\u00f3 el compromiso de la Secretaria&hellip; <a href=\"https:\/\/www.ministeriodegobierno.gob.ec\/derechoshumanos\/2022\/01\/27\/en-loja-secretaria-de-derechos-humanos-socializa-acciones-y-planes-ante-asambleistas\/\">Read more &rarr;<\/a><\/p>\n","protected":false},"author":6,"featured_media":11581,"comment_status":"closed","ping_status":"closed","sticky":false,"template":"","format":"standard","meta":{"footnotes":""},"categories":[20,5,6],"tags":[],"class_list":["post-11580","post","type-post","status-publish","format-standard","has-post-thumbnail","hentry","category-boletin-de-prensa","category-noticias","category-noticias-destacadas","xfolkentry"],"_links":{"self":[{"href":"https:\/\/www.ministeriodegobierno.gob.ec\/derechoshumanos\/wp-json\/wp\/v2\/posts\/11580","targetHints":{"allow":["GET"]}}],"collection":[{"href":"https:\/\/www.ministeriodegobierno.gob.ec\/derechoshumanos\/wp-json\/wp\/v2\/posts"}],"about":[{"href":"https:\/\/www.ministeriodegobierno.gob.ec\/derechoshumanos\/wp-json\/wp\/v2\/types\/post"}],"author":[{"embeddable":true,"href":"https:\/\/www.ministeriodegobierno.gob.ec\/derechoshumanos\/wp-json\/wp\/v2\/users\/6"}],"replies":[{"embeddable":true,"href":"https:\/\/www.ministeriodegobierno.gob.ec\/derechoshumanos\/wp-json\/wp\/v2\/comments?post=11580"}],"version-history":[{"count":1,"href":"https:\/\/www.ministeriodegobierno.gob.ec\/derechoshumanos\/wp-json\/wp\/v2\/posts\/11580\/revisions"}],"predecessor-version":[{"id":11582,"href":"https:\/\/www.ministeriodegobierno.gob.ec\/derechoshumanos\/wp-json\/wp\/v2\/posts\/11580\/revisions\/11582"}],"wp:featuredmedia":[{"embeddable":true,"href":"https:\/\/www.ministeriodegobierno.gob.ec\/derechoshumanos\/wp-json\/wp\/v2\/media\/11581"}],"wp:attachment":[{"href":"https:\/\/www.ministeriodegobierno.gob.ec\/derechoshumanos\/wp-json\/wp\/v2\/media?parent=11580"}],"wp:term":[{"taxonomy":"category","embeddable":true,"href":"https:\/\/www.ministeriodegobierno.gob.ec\/derechoshumanos\/wp-json\/wp\/v2\/categories?post=11580"},{"taxonomy":"post_tag","embeddable":true,"href":"https:\/\/www.ministeriodegobierno.gob.ec\/derechoshumanos\/wp-json\/wp\/v2\/tags?post=11580"}],"curies":[{"name":"wp","href":"https:\/\/api.w.org\/{rel}","templated":true}]}}