{"id":11613,"date":"2022-02-03T16:06:00","date_gmt":"2022-02-03T21:06:00","guid":{"rendered":"https:\/\/www.derechoshumanos.gob.ec\/?p=11613"},"modified":"2022-02-04T16:07:10","modified_gmt":"2022-02-04T21:07:10","slug":"para-convenios-de-cooperacion-con-casas-de-acogida-y-centros-de-atencion-integral-avanza-cronograma-para-seleccion-suscripcion-y-ejecucion","status":"publish","type":"post","link":"https:\/\/www.ministeriodegobierno.gob.ec\/derechoshumanos\/2022\/02\/03\/para-convenios-de-cooperacion-con-casas-de-acogida-y-centros-de-atencion-integral-avanza-cronograma-para-seleccion-suscripcion-y-ejecucion\/","title":{"rendered":"Para Convenios de Cooperaci\u00f3n con Casas de Acogida y Centros de Atenci\u00f3n Integral: Avanza cronograma para selecci\u00f3n, suscripci\u00f3n y ejecuci\u00f3n"},"content":{"rendered":"\n<p class=\"wp-block-paragraph\"><\/p>\n\n\n\n<p class=\"wp-block-paragraph\"><strong>Quito, Ecuador.-<\/strong> Avanza con el cronograma y cumplimiento de plazos&nbsp; para la selecci\u00f3n y suscripci\u00f3n de convenios de cooperaci\u00f3n t\u00e9cnico-financiera con organizaciones sociales para el fortalecimiento de atenci\u00f3n integral a v\u00edctimas de violencia de g\u00e9nero en Ecuador, abierto por la Secretar\u00eda de Derechos Humanos (SDH) para fortalecer y garantizar la protecci\u00f3n de las v\u00edctimas.<\/p>\n\n\n\n<p class=\"wp-block-paragraph\">Hasta hoy, 3 de febrero, las organizaciones sociales que deseen participar en este proceso pueden enviar sus preguntas al correo: infoaplicaciones@derechoshumanos.gob.ec y desde ma\u00f1ana esta cartera de Estado las contestar\u00e1.<\/p>\n\n\n\n<p class=\"wp-block-paragraph\">Desde el 8 al 21 de febrero se receptar\u00e1n las propuestas para continuar con el proceso de selecci\u00f3n y suscripci\u00f3n de convenios con las organizaciones sociales que, a trav\u00e9s de Casas de Acogida y Centros de Atenci\u00f3n Integral, brindan atenci\u00f3n a mujeres sobrevivientes de violencia y sus hijas e hijos.<\/p>\n\n\n\n<p class=\"wp-block-paragraph\">Esta convocatoria busca trabajar conjuntamente con las organizaciones sociales por los derechos de las ni\u00f1as y mujeres de nuestro pa\u00eds, mediante la atenci\u00f3n integral y el acogimiento a sobrevivientes de violencia de g\u00e9nero.<\/p>\n\n\n\n<p class=\"wp-block-paragraph\">Para m\u00e1s informaci\u00f3n, visita nuestra p\u00e1gina web:<\/p>\n\n\n\n<p class=\"wp-block-paragraph\">Convocatoria: https:\/\/bit.ly\/3LaUOFx<\/p>\n","protected":false},"excerpt":{"rendered":"<p class=\"excerpt\">Quito, Ecuador.- Avanza con el cronograma y cumplimiento de plazos&nbsp; para la selecci\u00f3n y suscripci\u00f3n de convenios de cooperaci\u00f3n t\u00e9cnico-financiera con organizaciones sociales para el fortalecimiento de atenci\u00f3n integral a v\u00edctimas de violencia de g\u00e9nero en Ecuador, abierto por la Secretar\u00eda de Derechos Humanos (SDH) para fortalecer y garantizar la protecci\u00f3n de las v\u00edctimas. Hasta hoy, 3 de febrero, las&hellip; <a href=\"https:\/\/www.ministeriodegobierno.gob.ec\/derechoshumanos\/2022\/02\/03\/para-convenios-de-cooperacion-con-casas-de-acogida-y-centros-de-atencion-integral-avanza-cronograma-para-seleccion-suscripcion-y-ejecucion\/\">Read more &rarr;<\/a><\/p>\n","protected":false},"author":6,"featured_media":9958,"comment_status":"closed","ping_status":"closed","sticky":false,"template":"","format":"standard","meta":{"footnotes":""},"categories":[20,5,6],"tags":[],"class_list":["post-11613","post","type-post","status-publish","format-standard","has-post-thumbnail","hentry","category-boletin-de-prensa","category-noticias","category-noticias-destacadas","xfolkentry"],"_links":{"self":[{"href":"https:\/\/www.ministeriodegobierno.gob.ec\/derechoshumanos\/wp-json\/wp\/v2\/posts\/11613","targetHints":{"allow":["GET"]}}],"collection":[{"href":"https:\/\/www.ministeriodegobierno.gob.ec\/derechoshumanos\/wp-json\/wp\/v2\/posts"}],"about":[{"href":"https:\/\/www.ministeriodegobierno.gob.ec\/derechoshumanos\/wp-json\/wp\/v2\/types\/post"}],"author":[{"embeddable":true,"href":"https:\/\/www.ministeriodegobierno.gob.ec\/derechoshumanos\/wp-json\/wp\/v2\/users\/6"}],"replies":[{"embeddable":true,"href":"https:\/\/www.ministeriodegobierno.gob.ec\/derechoshumanos\/wp-json\/wp\/v2\/comments?post=11613"}],"version-history":[{"count":1,"href":"https:\/\/www.ministeriodegobierno.gob.ec\/derechoshumanos\/wp-json\/wp\/v2\/posts\/11613\/revisions"}],"predecessor-version":[{"id":11614,"href":"https:\/\/www.ministeriodegobierno.gob.ec\/derechoshumanos\/wp-json\/wp\/v2\/posts\/11613\/revisions\/11614"}],"wp:featuredmedia":[{"embeddable":true,"href":"https:\/\/www.ministeriodegobierno.gob.ec\/derechoshumanos\/wp-json\/wp\/v2\/media\/9958"}],"wp:attachment":[{"href":"https:\/\/www.ministeriodegobierno.gob.ec\/derechoshumanos\/wp-json\/wp\/v2\/media?parent=11613"}],"wp:term":[{"taxonomy":"category","embeddable":true,"href":"https:\/\/www.ministeriodegobierno.gob.ec\/derechoshumanos\/wp-json\/wp\/v2\/categories?post=11613"},{"taxonomy":"post_tag","embeddable":true,"href":"https:\/\/www.ministeriodegobierno.gob.ec\/derechoshumanos\/wp-json\/wp\/v2\/tags?post=11613"}],"curies":[{"name":"wp","href":"https:\/\/api.w.org\/{rel}","templated":true}]}}