{"id":11615,"date":"2022-02-04T16:08:47","date_gmt":"2022-02-04T21:08:47","guid":{"rendered":"https:\/\/www.derechoshumanos.gob.ec\/?p=11615"},"modified":"2022-02-04T16:08:47","modified_gmt":"2022-02-04T21:08:47","slug":"en-ambato-capacitamos-a-mujeres-lideresas-de-la-parroquia-santa-rosa","status":"publish","type":"post","link":"https:\/\/www.ministeriodegobierno.gob.ec\/derechoshumanos\/2022\/02\/04\/en-ambato-capacitamos-a-mujeres-lideresas-de-la-parroquia-santa-rosa\/","title":{"rendered":"En Ambato capacitamos a mujeres l\u00edderesas de la Parroquia Santa Rosa"},"content":{"rendered":"\n<p class=\"wp-block-paragraph\"><\/p>\n\n\n\n<p class=\"wp-block-paragraph\"><strong>Ambato, Ecuador.-<\/strong> El equipo t\u00e9cnico del Servicio de Protecci\u00f3n Integral (SPI) de la Secretaria de Derechos Humanos, en cooperaci\u00f3n interinstitucional con la Corporaci\u00f3n de Asociaciones Comunitarias de Cotopaxi y Tungurahua y Childfund Ecuador, realiz\u00f3 un taller en prevenci\u00f3n de violencia, dirigido a mujeres lideresas de la parroquia Santa Rosa del cant\u00f3n Ambato.<\/p>\n\n\n\n<p class=\"wp-block-paragraph\">Mar\u00eda Fernanda S\u00e1nchez, psic\u00f3loga cl\u00ednica del SPI manifest\u00f3 que \u201cestos espacios formativos que se realizan en coordinaci\u00f3n con otras instituciones fortalecen la prevenci\u00f3n en violencia, generando mayor empoderamiento y conocimiento\u201d.<\/p>\n\n\n\n<p class=\"wp-block-paragraph\">En el taller se abord\u00f3 el tema del sem\u00e1foro emocional en situaciones de violencia con el objetivo de crear espacios seguros y de protecci\u00f3n. Esta t\u00e9cnica consiste en reconocer se\u00f1ales f\u00edsicas cuando nos enojamos y comenzar&nbsp;con la din\u00e1mica de controlar las emociones. Cuando se presenta una de estas se\u00f1ales es semejante al sem\u00e1foro en rojo que representa PARAR, para no detonar factores de riesgo o en situaciones de violencia, el amarillo representa PENSAR para dar respuesta a una situaci\u00f3n de violencia. El verde es ACTUAR y significa inhibir los actos violentos.<\/p>\n\n\n\n<p class=\"wp-block-paragraph\">Con esta t\u00e9cnica se aprende a controlar sus emociones, aplicable no solo en el \u00e1mbito intrafamiliar sino tambi\u00e9n en las relaciones con otras personas.<\/p>\n\n\n\n<p class=\"wp-block-paragraph\">Uno de los mandatos principales de esta cartera de Estado es la prevenci\u00f3n de la violencia contra las ni\u00f1as y mujeres, es por esto que continuamos sumando acciones para alcanzar nuestra meta de Femicidio Cero en Ecuador.<\/p>\n","protected":false},"excerpt":{"rendered":"<p class=\"excerpt\">Ambato, Ecuador.- El equipo t\u00e9cnico del Servicio de Protecci\u00f3n Integral (SPI) de la Secretaria de Derechos Humanos, en cooperaci\u00f3n interinstitucional con la Corporaci\u00f3n de Asociaciones Comunitarias de Cotopaxi y Tungurahua y Childfund Ecuador, realiz\u00f3 un taller en prevenci\u00f3n de violencia, dirigido a mujeres lideresas de la parroquia Santa Rosa del cant\u00f3n Ambato. Mar\u00eda Fernanda S\u00e1nchez, psic\u00f3loga cl\u00ednica del SPI manifest\u00f3&hellip; <a href=\"https:\/\/www.ministeriodegobierno.gob.ec\/derechoshumanos\/2022\/02\/04\/en-ambato-capacitamos-a-mujeres-lideresas-de-la-parroquia-santa-rosa\/\">Read more &rarr;<\/a><\/p>\n","protected":false},"author":6,"featured_media":11616,"comment_status":"closed","ping_status":"closed","sticky":false,"template":"","format":"standard","meta":{"footnotes":""},"categories":[20,5,6],"tags":[],"class_list":["post-11615","post","type-post","status-publish","format-standard","has-post-thumbnail","hentry","category-boletin-de-prensa","category-noticias","category-noticias-destacadas","xfolkentry"],"_links":{"self":[{"href":"https:\/\/www.ministeriodegobierno.gob.ec\/derechoshumanos\/wp-json\/wp\/v2\/posts\/11615","targetHints":{"allow":["GET"]}}],"collection":[{"href":"https:\/\/www.ministeriodegobierno.gob.ec\/derechoshumanos\/wp-json\/wp\/v2\/posts"}],"about":[{"href":"https:\/\/www.ministeriodegobierno.gob.ec\/derechoshumanos\/wp-json\/wp\/v2\/types\/post"}],"author":[{"embeddable":true,"href":"https:\/\/www.ministeriodegobierno.gob.ec\/derechoshumanos\/wp-json\/wp\/v2\/users\/6"}],"replies":[{"embeddable":true,"href":"https:\/\/www.ministeriodegobierno.gob.ec\/derechoshumanos\/wp-json\/wp\/v2\/comments?post=11615"}],"version-history":[{"count":1,"href":"https:\/\/www.ministeriodegobierno.gob.ec\/derechoshumanos\/wp-json\/wp\/v2\/posts\/11615\/revisions"}],"predecessor-version":[{"id":11617,"href":"https:\/\/www.ministeriodegobierno.gob.ec\/derechoshumanos\/wp-json\/wp\/v2\/posts\/11615\/revisions\/11617"}],"wp:featuredmedia":[{"embeddable":true,"href":"https:\/\/www.ministeriodegobierno.gob.ec\/derechoshumanos\/wp-json\/wp\/v2\/media\/11616"}],"wp:attachment":[{"href":"https:\/\/www.ministeriodegobierno.gob.ec\/derechoshumanos\/wp-json\/wp\/v2\/media?parent=11615"}],"wp:term":[{"taxonomy":"category","embeddable":true,"href":"https:\/\/www.ministeriodegobierno.gob.ec\/derechoshumanos\/wp-json\/wp\/v2\/categories?post=11615"},{"taxonomy":"post_tag","embeddable":true,"href":"https:\/\/www.ministeriodegobierno.gob.ec\/derechoshumanos\/wp-json\/wp\/v2\/tags?post=11615"}],"curies":[{"name":"wp","href":"https:\/\/api.w.org\/{rel}","templated":true}]}}