{"id":11623,"date":"2022-02-07T23:43:24","date_gmt":"2022-02-08T04:43:24","guid":{"rendered":"https:\/\/www.derechoshumanos.gob.ec\/?p=11623"},"modified":"2022-02-09T10:45:23","modified_gmt":"2022-02-09T15:45:23","slug":"acta-de-respuestas-y-aclaraciones","status":"publish","type":"post","link":"https:\/\/www.ministeriodegobierno.gob.ec\/derechoshumanos\/2022\/02\/07\/acta-de-respuestas-y-aclaraciones\/","title":{"rendered":"Acta de respuestas y aclaraciones"},"content":{"rendered":"\n<p class=\"wp-block-paragraph\">GU\u00cdA T\u00c9CNICA PARA LA PRESENTACI\u00d3N DE PROPUESTAS 2022 <strong><a href=\"https:\/\/www.ministeriodegobierno.gob.ec\/derechoshumanos\/wp-content\/uploads\/2022\/02\/ANEXO-7-GUIA-TECNICA-PARA-LA-PRESENTACION-DE-PROPUESTAS-2022-RV-LREP-ok.docx\">DESCARGAR<\/a><\/strong> (Editable)<\/p>\n\n\n\n<p class=\"wp-block-paragraph\">ACTA 001 DE PREGUNTAS, RESPUESTAS Y ACLARACIONES <strong><a href=\"https:\/\/www.ministeriodegobierno.gob.ec\/derechoshumanos\/wp-content\/uploads\/2022\/02\/ACTA-001-DE-PREGUNTAS-RESPUESTAS-Y-ACLARACIONES-FINAL1-signed-signed_firmado-signed-signed.pdf\">DESCARGAR<\/a><\/strong><\/p>\n","protected":false},"excerpt":{"rendered":"<p class=\"excerpt\">GU\u00cdA T\u00c9CNICA PARA LA PRESENTACI\u00d3N DE PROPUESTAS 2022 DESCARGAR (Editable) ACTA 001 DE PREGUNTAS, RESPUESTAS Y ACLARACIONES DESCARGAR <a href=\"https:\/\/www.ministeriodegobierno.gob.ec\/derechoshumanos\/2022\/02\/07\/acta-de-respuestas-y-aclaraciones\/\">Read more &rarr;<\/a><\/p>\n","protected":false},"author":10,"featured_media":11624,"comment_status":"closed","ping_status":"closed","sticky":false,"template":"","format":"standard","meta":{"footnotes":""},"categories":[5,6],"tags":[],"class_list":["post-11623","post","type-post","status-publish","format-standard","has-post-thumbnail","hentry","category-noticias","category-noticias-destacadas","xfolkentry"],"_links":{"self":[{"href":"https:\/\/www.ministeriodegobierno.gob.ec\/derechoshumanos\/wp-json\/wp\/v2\/posts\/11623","targetHints":{"allow":["GET"]}}],"collection":[{"href":"https:\/\/www.ministeriodegobierno.gob.ec\/derechoshumanos\/wp-json\/wp\/v2\/posts"}],"about":[{"href":"https:\/\/www.ministeriodegobierno.gob.ec\/derechoshumanos\/wp-json\/wp\/v2\/types\/post"}],"author":[{"embeddable":true,"href":"https:\/\/www.ministeriodegobierno.gob.ec\/derechoshumanos\/wp-json\/wp\/v2\/users\/10"}],"replies":[{"embeddable":true,"href":"https:\/\/www.ministeriodegobierno.gob.ec\/derechoshumanos\/wp-json\/wp\/v2\/comments?post=11623"}],"version-history":[{"count":2,"href":"https:\/\/www.ministeriodegobierno.gob.ec\/derechoshumanos\/wp-json\/wp\/v2\/posts\/11623\/revisions"}],"predecessor-version":[{"id":11634,"href":"https:\/\/www.ministeriodegobierno.gob.ec\/derechoshumanos\/wp-json\/wp\/v2\/posts\/11623\/revisions\/11634"}],"wp:featuredmedia":[{"embeddable":true,"href":"https:\/\/www.ministeriodegobierno.gob.ec\/derechoshumanos\/wp-json\/wp\/v2\/media\/11624"}],"wp:attachment":[{"href":"https:\/\/www.ministeriodegobierno.gob.ec\/derechoshumanos\/wp-json\/wp\/v2\/media?parent=11623"}],"wp:term":[{"taxonomy":"category","embeddable":true,"href":"https:\/\/www.ministeriodegobierno.gob.ec\/derechoshumanos\/wp-json\/wp\/v2\/categories?post=11623"},{"taxonomy":"post_tag","embeddable":true,"href":"https:\/\/www.ministeriodegobierno.gob.ec\/derechoshumanos\/wp-json\/wp\/v2\/tags?post=11623"}],"curies":[{"name":"wp","href":"https:\/\/api.w.org\/{rel}","templated":true}]}}