{"id":11635,"date":"2022-02-09T12:14:05","date_gmt":"2022-02-09T17:14:05","guid":{"rendered":"https:\/\/www.derechoshumanos.gob.ec\/?p=11635"},"modified":"2022-02-09T12:14:06","modified_gmt":"2022-02-09T17:14:06","slug":"la-secretaria-de-derechos-humanos-asumio-la-coordinacion-de-la-red-de-proteccion-integral-en-casos-de-violencia-de-genero-de-imbabura","status":"publish","type":"post","link":"https:\/\/www.ministeriodegobierno.gob.ec\/derechoshumanos\/2022\/02\/09\/la-secretaria-de-derechos-humanos-asumio-la-coordinacion-de-la-red-de-proteccion-integral-en-casos-de-violencia-de-genero-de-imbabura\/","title":{"rendered":"La Secretar\u00eda de Derechos Humanos asumi\u00f3 la coordinaci\u00f3n de la Red de Protecci\u00f3n Integral en Casos de Violencia de G\u00e9nero de Imbabura"},"content":{"rendered":"\n<p class=\"wp-block-paragraph\"><strong>Ibarra, Ecuador.- <\/strong>La Secretar\u00eda de Derechos Humanos asumi\u00f3 la coordinaci\u00f3n de la Red Provincial Interinstitucional de Protecci\u00f3n Integral en casos de Violencia de G\u00e9nero, Intrafamiliar y Sexual de Imbabura.<\/p>\n\n\n\n<p class=\"wp-block-paragraph\">Carlos Espinoza, Director Zonal 1 de esta cartera de Estado, particip\u00f3 en la reuni\u00f3n ordinaria de la Red Provincial Interinstitucional de Protecci\u00f3n Integral en casos de Violencia de G\u00e9nero, Intrafamiliar y Sexual de Imbabura, conformada por m\u00e1s de 70 entidades, entre ellas organizaciones de la sociedad civil, instituciones estatales y organizaciones de cooperaci\u00f3n internacional, que eligieron la nueva directiva de la Red y designaron a la Secretar\u00eda de Derechos Humanos como entidad coordinadora, conjuntamente con &nbsp;la Federaci\u00f3n de Organizaciones Comunitarias de Imbabura y Care, en la Secretar\u00eda.<\/p>\n\n\n\n<p class=\"wp-block-paragraph\">\u201cAsumimos con responsabilidad y compromiso esta representaci\u00f3n, lideraremos conjuntamente con las diferentes instituciones y organizaciones una amplia agenda para continuar con m\u00e1s fuerza nuestro trabajo en la prevenci\u00f3n y erradicaci\u00f3n de la violencia en Imbabura\u201d, se\u00f1al\u00f3 Carlos Espinoza.<\/p>\n\n\n\n<p class=\"wp-block-paragraph\">Una vez finalizado el proceso de elecci\u00f3n, la directiva saliente realiz\u00f3 la entrega formal del documento de fin de gesti\u00f3n y entreg\u00f3 el mando a la nueva directiva, acto seguido se elabor\u00f3 la agenda de actividades para el 08 de marzo \u201cD\u00eda Internacional de la Mujer\u201d.<\/p>\n\n\n\n<p class=\"wp-block-paragraph\">La Secretar\u00eda de Derechos Humanos, como ente rector del Sistema Nacional para Prevenir y Erradicar la Violencia contra las Mujeres, contin\u00faa articulando acciones para coordinar una respuesta oportuna en los casos de violencia de g\u00e9nero, as\u00ed como en el eje de prevenci\u00f3n.<\/p>\n","protected":false},"excerpt":{"rendered":"<p class=\"excerpt\">Ibarra, Ecuador.- La Secretar\u00eda de Derechos Humanos asumi\u00f3 la coordinaci\u00f3n de la Red Provincial Interinstitucional de Protecci\u00f3n Integral en casos de Violencia de G\u00e9nero, Intrafamiliar y Sexual de Imbabura. Carlos Espinoza, Director Zonal 1 de esta cartera de Estado, particip\u00f3 en la reuni\u00f3n ordinaria de la Red Provincial Interinstitucional de Protecci\u00f3n Integral en casos de Violencia de G\u00e9nero, Intrafamiliar y&hellip; <a href=\"https:\/\/www.ministeriodegobierno.gob.ec\/derechoshumanos\/2022\/02\/09\/la-secretaria-de-derechos-humanos-asumio-la-coordinacion-de-la-red-de-proteccion-integral-en-casos-de-violencia-de-genero-de-imbabura\/\">Read more &rarr;<\/a><\/p>\n","protected":false},"author":6,"featured_media":11636,"comment_status":"closed","ping_status":"closed","sticky":false,"template":"","format":"standard","meta":{"footnotes":""},"categories":[20,5,6],"tags":[],"class_list":["post-11635","post","type-post","status-publish","format-standard","has-post-thumbnail","hentry","category-boletin-de-prensa","category-noticias","category-noticias-destacadas","xfolkentry"],"_links":{"self":[{"href":"https:\/\/www.ministeriodegobierno.gob.ec\/derechoshumanos\/wp-json\/wp\/v2\/posts\/11635","targetHints":{"allow":["GET"]}}],"collection":[{"href":"https:\/\/www.ministeriodegobierno.gob.ec\/derechoshumanos\/wp-json\/wp\/v2\/posts"}],"about":[{"href":"https:\/\/www.ministeriodegobierno.gob.ec\/derechoshumanos\/wp-json\/wp\/v2\/types\/post"}],"author":[{"embeddable":true,"href":"https:\/\/www.ministeriodegobierno.gob.ec\/derechoshumanos\/wp-json\/wp\/v2\/users\/6"}],"replies":[{"embeddable":true,"href":"https:\/\/www.ministeriodegobierno.gob.ec\/derechoshumanos\/wp-json\/wp\/v2\/comments?post=11635"}],"version-history":[{"count":1,"href":"https:\/\/www.ministeriodegobierno.gob.ec\/derechoshumanos\/wp-json\/wp\/v2\/posts\/11635\/revisions"}],"predecessor-version":[{"id":11637,"href":"https:\/\/www.ministeriodegobierno.gob.ec\/derechoshumanos\/wp-json\/wp\/v2\/posts\/11635\/revisions\/11637"}],"wp:featuredmedia":[{"embeddable":true,"href":"https:\/\/www.ministeriodegobierno.gob.ec\/derechoshumanos\/wp-json\/wp\/v2\/media\/11636"}],"wp:attachment":[{"href":"https:\/\/www.ministeriodegobierno.gob.ec\/derechoshumanos\/wp-json\/wp\/v2\/media?parent=11635"}],"wp:term":[{"taxonomy":"category","embeddable":true,"href":"https:\/\/www.ministeriodegobierno.gob.ec\/derechoshumanos\/wp-json\/wp\/v2\/categories?post=11635"},{"taxonomy":"post_tag","embeddable":true,"href":"https:\/\/www.ministeriodegobierno.gob.ec\/derechoshumanos\/wp-json\/wp\/v2\/tags?post=11635"}],"curies":[{"name":"wp","href":"https:\/\/api.w.org\/{rel}","templated":true}]}}